{"id":9905,"date":"2020-04-01T10:06:55","date_gmt":"2020-04-01T07:06:55","guid":{"rendered":"http:\/\/kadrandergi.com.tr\/?p=9905"},"modified":"2020-04-01T10:06:55","modified_gmt":"2020-04-01T07:06:55","slug":"edebiyat-soylesileri-edebiyat-ve-oyku-uzerine-muhammet-erdevir","status":"publish","type":"post","link":"https:\/\/www.kadrandergi.com.tr\/?p=9905","title":{"rendered":"Edebiyat S\u00f6yle\u015fileri: Edebiyat ve \u00d6yk\u00fc \u00dczerine &#8211; Muhammet Erdevir"},"content":{"rendered":"<p><strong>Merhabalar Muhammet Bey. Biz ekip olarak ba\u015fta kitab\u0131n\u0131z\u0131 ve h\u00e2l\u00e2 yay\u0131mlanmakta olan yaz\u0131lar\u0131n\u0131z\u0131 ilgiyle takip ediyoruz. Kaleminize, y\u00fcre\u011finize sa\u011fl\u0131k. Sizi yeni tan\u0131maya ba\u015flayanlar ve hen\u00fcz tan\u0131yamam\u0131\u015f olanlar i\u00e7in biraz kendinizden bahsedebilir misiniz?<\/strong><\/p>\n<p>Osmaniye \u2013 Kadirliliyim, edebiyat \u00f6\u011fretmeniyim. Gaziantep\u2019te ikamet ediyorum. \u0130lk \u00f6yk\u00fcm\u00fcn yay\u0131mlanmas\u0131n\u0131n \u00fczerinden tam on y\u0131l ge\u00e7ti. O g\u00fcn bug\u00fcnd\u00fcr ba\u015fta \u00f6yk\u00fc olmak \u00fczere edebiyat\u0131n \u00e7e\u015fitli alanlar\u0131nda kalem oynatarak kurgu evrenimi geni\u015fletmeye \u00e7al\u0131\u015f\u0131yorum. \u0130lk kitab\u0131m \u201cLav Denizindeki Ada\u201d 2016\u2019da \u00e7\u0131km\u0131\u015ft\u0131. Hece \u00d6yk\u00fc, Semaver \u00d6yk\u00fc, Yedi \u0130klim ve Ayars\u0131z gibi dergilerde yaz\u0131lar\u0131m \u00e7\u0131kt\u0131, \u00e7\u0131kmaya devam ediyor. 2018\u2019den beri k\u00fclt\u00fcr sanat sitesi edebiyatdaima.com \u2019un genel yay\u0131n y\u00f6netmenli\u011fini de yap\u0131yorum.<\/p>\n<p><strong>&#8220;Son G\u00fcl \u0130\u00e7in Prel\u00fct&#8221; olduk\u00e7a ilgi \u00e7ekici bir ba\u015fl\u0131k, en az i\u00e7indeki yaz\u0131lar kadar. Kendi ad\u0131ma, okurken alt\u0131n\u0131 \u00e7izdi\u011fim kendimden izler bulabildi\u011fim bir\u00e7ok c\u00fcmle oldu. Sizin i\u00e7in bu kitab\u0131n k\u0131ymetini ve tabii ki hik\u00e2yesini \u00f6\u011frenebilir miyiz?<\/strong><\/p>\n<p>Son g\u00fcl \u0130\u00e7in Prel\u00fct bir \u00f6yk\u00fc kitab\u0131. \u0130\u00e7inde on dokuz \u00f6yk\u00fc var. Roman olsa \u015f\u00f6yle bir yaz\u0131l\u0131\u015f hik\u00e2yesi var diyebilirdim ama her biri ba\u015fka bir kurgusal d\u00fcnyay\u0131 anlatan \u00f6yk\u00fclerin yaz\u0131l\u0131\u015f tek bir yaz\u0131l\u0131\u015f hik\u00e2yesi yok takdir edersiniz ki. Do\u011frusunu isterseniz on dokuz farkl\u0131 yaz\u0131m hik\u00e2yesi vard\u0131r demeliyim. Bu soruya ancak anlat\u0131m a\u00e7\u0131s\u0131ndan cevap vermem m\u00fcmk\u00fcn. Prel\u00fct\u2019te \u015fiirsel ve imgeli bir dille yo\u011fun ve derin duygular\u0131 dile getirmeye \u00e7al\u0131\u015ft\u0131m. Postmodern tekniklere ba\u015fvurmadan, belki sadece devrik c\u00fcmleleri yo\u011fun kullanarak in\u015fa ettim \u00f6yk\u00fcleri. Kitapta 2015-2019 aras\u0131 \u00e7e\u015fitli dergilerde yay\u0131mlanm\u0131\u015f \u00f6yk\u00fcler bulunuyor. D\u00f6rt y\u0131ll\u0131k geni\u015f say\u0131labilecek bir zaman diliminde do\u011fmu\u015f metinler bunlar. Birbirine yak\u0131nlar, ayn\u0131 duygunun etraf\u0131nda dola\u015f\u0131yorlar ama her biri bamba\u015fka ayr\u0131nt\u0131lara odaklan\u0131yor. Prel\u00fct\u2019teki \u00f6yk\u00fclerin \u00f6nemli bir \u00f6zelli\u011fi de n\u00fcans \u00e7e\u015fitlili\u011fidir.<\/p>\n<p><strong>Hik\u00e2yelerinizde geli\u015fler, kar\u015f\u0131lay\u0131\u015flar hep co\u015fkulu; gidi\u015fler belli belirsiz, \u00fc\u00e7 nokta&#8230; Yaz\u0131lar\u0131n\u0131z co\u015fkuyla ba\u015flay\u0131p umutsuz devam ediyor gibi g\u00f6r\u00fcnseler de t\u00fcm m\u00fcmk\u00fcnlerin k\u0131y\u0131s\u0131ndan da \u00e7i\u00e7ekler uzat\u0131yor elimize. Bunu nas\u0131l yorumlamal\u0131y\u0131z?<\/strong><\/p>\n<p>Yazar veya \u015fair metnini ortaya koyduktan sonra metin art\u0131k okura aittir. \u015eu \u015f\u00f6yledir diye tespitte bulunmam okuru yanl\u0131\u015f y\u00f6nlendirebilir. Elbette kendi hayat\u0131mdan izler ta\u015f\u0131yor ancak edebi metinlerin kurgusal metinler oldu\u011fu ger\u00e7e\u011fini g\u00f6z ard\u0131 etmeyelim. Bahsetti\u011finiz umut veya umutsuzluk okurun o anki ruh haliyle de alakal\u0131. Bazen ayr\u0131l\u0131klar, kavu\u015famamalar, uzakla\u015fmalar bile birer umut kayna\u011f\u0131 olabilir. Yeni bir karar yeni sulara yelken a\u00e7makt\u0131r \u00e7\u00fcnk\u00fc. Yine de yorumu okur yapacak, bu konuda pek bir \u015fey diyemem a\u00e7\u0131k\u00e7as\u0131.<\/p>\n<p><strong>Dikkatimizi \u00e7eken en \u00f6nemli \u015feylerden biri de imgelerin yo\u011funlu\u011fu. \u00c7o\u011fu yerde hava durumu, ya\u011fmur, renkler ve co\u011frafya ile ili\u015fkilendirilmi\u015f imgeler bunlar. \u00d6zellikle &#8220;Ada Kar\u0131\u015f\u0131kl\u0131\u011f\u0131\u201d ve \u201cKelep\u00e7e\u201d ba\u015fl\u0131kl\u0131 \u00f6yk\u00fclerinizde biraz daha yo\u011fun gibi. Bu imgeler nas\u0131l olu\u015ftu?<\/strong><\/p>\n<p>Bu durum biraz ki\u015fisel tercihlerle ilgili. Ben ki\u015fisel okuma zevkime d\u00f6n\u00fck \u00f6yk\u00fcler ve \u015fiirler kaleme al\u0131yorum daha \u00e7ok. Baz\u0131 yazarlar \u00e7ok renkli bir imge karnaval\u0131ndan beslenirken baz\u0131lar\u0131 \u00e7ok yal\u0131n bir anlat\u0131m\u0131 se\u00e7er. Benimki tamamen ki\u015fisel bir se\u00e7im. \u0130mgelerin nas\u0131l olu\u015ftu\u011funa gelince okumalar, dinlemeler, g\u00f6zlemlerle diyebilirim. Her \u00f6yk\u00fcmde \u015fiirlere, \u015fark\u0131lara, romanlara, yazarlara, t\u00fcrk\u00fclere g\u00f6ndermeler vard\u0131r. Baz\u0131lar\u0131 gizli ve \u00fcst\u00fc kapal\u0131, baz\u0131lar\u0131 ise a\u00e7\u0131kt\u0131r bunlar\u0131n. Yo\u011fun anlat\u0131ml\u0131 metinleri okumay\u0131 seviyorum ve bu tarzda yazmak beni mutlu ediyor.<\/p>\n<p><strong>Kitap \u00e7\u0131kt\u0131ktan sonraki s\u00fcre\u00e7te okuyucular\u0131n tepkileri ve de\u011ferlendirmeleriniz sonucunda sizin i\u00e7in &#8220;Prel\u00fct&#8221; amac\u0131na ula\u015fabildi mi?<\/strong><\/p>\n<p>Her kitap belli say\u0131da okura hitap etmek i\u00e7in yaz\u0131l\u0131r. Pop\u00fclist biri olmad\u0131m hayat\u0131m boyunca, olmaya da niyetim yok. Bir kere bu bir \u00f6yk\u00fc kitab\u0131, on binlerce ki\u015fiye ula\u015fmas\u0131n\u0131 beklemiyorum zaten. \u0130kincisi dili yo\u011funla\u015ft\u0131rmak ortalama okuru metinden so\u011futabiliyor. Ki ben bu riski g\u00f6ze ald\u0131m bu kitab\u0131 haz\u0131rlarken. Okumalar\u0131na ve zevkine g\u00fcvendi\u011fim bir\u00e7ok ki\u015fiden \u00e7ok g\u00fczel yorumlar ald\u0131m, almaya devam ediyorum. Evet, bu a\u00e7\u0131dan bak\u0131ld\u0131\u011f\u0131nda Prel\u00fct benim i\u00e7in amac\u0131na ula\u015fan bir kitap oldu diyebilirim.<\/p>\n<p><strong>Eserlerinizden fark edebildi\u011fimiz kadar\u0131yla ilgili oldu\u011funuz tek sanat dal\u0131 edebiyat de\u011fil gibi g\u00f6r\u00fcn\u00fcyor. Peki di\u011fer sanat dallar\u0131n\u0131n sizin i\u00e7in \u00f6nemi nedir, onlarla ilgili de \u00e7al\u0131\u015fmalar\u0131n\u0131z mevcut mu?<\/strong><\/p>\n<p>T\u00fcm sanatlar\u0131n konusu insand\u0131r. Dolay\u0131s\u0131yla sanatlar i\u00e7 i\u00e7edir. Resimde do\u011fan bir ak\u0131m edebiyata, edebiyatta do\u011fan bir ak\u0131m sinemada kendine yer bulabilir. Sanat bir b\u00fct\u00fcnd\u00fcr. Sanat\u00e7\u0131y\u0131m diyen ki\u015finin sanat dallar\u0131nda belli bir birikiminin olmas\u0131, nitelikli eserleri tan\u0131mas\u0131 gerekir. \u015eu an i\u00e7in ben sanat\u00e7\u0131y\u0131m diyemem ama sanat\u0131 ilgiyle takip eden bir sanatsever oldu\u011fumu s\u00f6yleyebilirim. M\u00fczik, resim, heykel, mimari gibi bir\u00e7ok alan\u0131 takip ediyorum. Bu alanlarla ilgili kuramsal kitaplar\u0131 okuyorum. Ama edebiyat d\u0131\u015f\u0131nda ba\u015fka bir sanat dal\u0131nda iddial\u0131 oldu\u011fumu s\u00f6yleyemem.<\/p>\n<p><strong>Meslek olarak \u00f6\u011fretmenli\u011finiz bir yana bran\u015f\u0131n\u0131z\u0131n edebiyat olmas\u0131 sebebiyle \u00f6\u011frencilerinizle ileti\u015fiminiz nas\u0131l ve yeni jenerasyonun edebiyata olan ilgilerini nas\u0131l de\u011ferlendiriyorsunuz?<\/strong><\/p>\n<p>Gen\u00e7ler eskiye nazaran daha \u00e7ok okuyor. Okuduklar\u0131n\u0131n nitelikleri tart\u0131\u015f\u0131labilir ama hi\u00e7 okumamaktansa bir \u015feyleri okumalar\u0131n\u0131 tercih ederim. Bunda g\u00fcn\u00fcm\u00fczde kitaba ula\u015fman\u0131n kolayl\u0131\u011f\u0131n\u0131n etkisi vard\u0131r diye d\u00fc\u015f\u00fcn\u00fcyorum. \u0130nternetten kitap almak s\u0131radan bir olay, hemen her AVM\u2019de kitap ma\u011fazalar\u0131 var. Bu konuda \u00fcmitsiz de\u011filim. Gen\u00e7ler okuyor ve okumaya da devam edecekler.<\/p>\n<p><strong>Son olarak buradan edebiyatla ilgilenenlere iletmek istedi\u011finiz bir \u015fey var m\u0131?<\/strong><\/p>\n<p>Birincisi dile \u00f6zen g\u00f6stersinler. Cemil Meri\u00e7\u2019in \u201cKamus namustur.\u201d S\u00f6z\u00fcn\u00fc payla\u015fan nice ki\u015finin da\/de ba\u011flac\u0131n\u0131 yahut m\u0131\/mi soru edat\u0131n\u0131 kullan\u0131rken ne kadar hoyrat ve \u00f6zensiz oldu\u011funa defalarca \u015fahit oldum. G\u00fczel ve do\u011fru yazmak \u00e7ok zor de\u011fil. G\u00fcn\u00fcm\u00fcz \u015fartlar\u0131nda bilmiyorum da bahane olamaz. Bilgiye ula\u015fmak \u00e7ok kolay \u00e7\u00fcnk\u00fc. Bilmiyorsan a\u00e7\u0131p \u00f6\u011freneceksin. \u0130kincisi nitelikli eserleri okumaya \u00f6zen g\u00f6stersinler. \u0130yi kitaplar okuru ba\u015fka iyi kitaplara ta\u015f\u0131yan g\u00fcvenilir rehberlerdir. Yazanlar, yazmaya \u00e7al\u0131\u015fanlar ise yazd\u0131klar\u0131 t\u00fcrle ilgili kuramsal \u00e7al\u0131\u015fmalar\u0131 okusunlar. \u0130lham geldi yaz\u0131 yazaca\u011f\u0131m d\u00f6nemi \u00e7ok ama \u00e7ok geride kald\u0131. Yazmak teknik bir mesele ve bu i\u015fe ciddi anlamda mesai ay\u0131rmak gerekiyor.<\/p>\n","protected":false},"excerpt":{"rendered":"<p>Merhabalar Muhammet Bey. Biz ekip olarak&#8230;<\/p>\n","protected":false},"author":37,"featured_media":9944,"comment_status":"open","ping_status":"open","sticky":false,"template":"","format":"standard","meta":{"footnotes":""},"categories":[59],"tags":[],"_links":{"self":[{"href":"https:\/\/www.kadrandergi.com.tr\/index.php?rest_route=\/wp\/v2\/posts\/9905"}],"collection":[{"href":"https:\/\/www.kadrandergi.com.tr\/index.php?rest_route=\/wp\/v2\/posts"}],"about":[{"href":"https:\/\/www.kadrandergi.com.tr\/index.php?rest_route=\/wp\/v2\/types\/post"}],"author":[{"embeddable":true,"href":"https:\/\/www.kadrandergi.com.tr\/index.php?rest_route=\/wp\/v2\/users\/37"}],"replies":[{"embeddable":true,"href":"https:\/\/www.kadrandergi.com.tr\/index.php?rest_route=%2Fwp%2Fv2%2Fcomments&post=9905"}],"version-history":[{"count":0,"href":"https:\/\/www.kadrandergi.com.tr\/index.php?rest_route=\/wp\/v2\/posts\/9905\/revisions"}],"wp:featuredmedia":[{"embeddable":true,"href":"https:\/\/www.kadrandergi.com.tr\/index.php?rest_route=\/"}],"wp:attachment":[{"href":"https:\/\/www.kadrandergi.com.tr\/index.php?rest_route=%2Fwp%2Fv2%2Fmedia&parent=9905"}],"wp:term":[{"taxonomy":"category","embeddable":true,"href":"https:\/\/www.kadrandergi.com.tr\/index.php?rest_route=%2Fwp%2Fv2%2Fcategories&post=9905"},{"taxonomy":"post_tag","embeddable":true,"href":"https:\/\/www.kadrandergi.com.tr\/index.php?rest_route=%2Fwp%2Fv2%2Ftags&post=9905"}],"curies":[{"name":"wp","href":"https:\/\/api.w.org\/{rel}","templated":true}]}}