{"id":9883,"date":"2020-03-01T00:43:30","date_gmt":"2020-02-29T22:43:30","guid":{"rendered":"http:\/\/kadrandergi.com.tr\/?p=9883"},"modified":"2020-03-01T00:43:30","modified_gmt":"2020-02-29T22:43:30","slug":"butun-ciceklerin-ogretmeni-gururla-sunar","status":"publish","type":"post","link":"https:\/\/www.kadrandergi.com.tr\/?p=9883","title":{"rendered":"B\u00fct\u00fcn\u00a0\u00c7i\u00e7eklerin\u00a0\u00d6\u011fretmeni\u00a0Gururla Sunar\u00a0"},"content":{"rendered":"<p>&nbsp;<\/p>\n<p>1.\u200b D\u00fcnyan\u0131n B\u00fct\u00fcn \u00c7i\u00e7eklerinin \u00f6\u011fretmeni, sevgili Ramazan Teker; bize biraz kendinizden bahseder misiniz?<\/p>\n<p><strong>\u0130smim Ramazan Teker. 93 y\u0131l\u0131n\u0131n bir yaz g\u00fcn\u00fc Denizli\u2019nin kenar mahallelerinden birinde d\u00fcnyaya yan yatt\u0131m, o g\u00fcn bu g\u00fcnd\u00fcr kalkmaya \u00e7al\u0131\u015f\u0131yorum. D\u00fcnyayla ve i\u00e7erisindekilerle olan m\u00fccadelemi d\u00f6rt y\u0131ld\u0131r \u015e\u0131rnak\u2019ta bir s\u0131n\u0131r k\u00f6y\u00fcnde \u201cb\u00fct\u00fcn \u00e7i\u00e7eklerin \u00f6\u011fretmeni\u201d olarak s\u00fcrd\u00fcr\u00fcyorum.<\/strong><\/p>\n<p><strong>\u00a0<\/strong><\/p>\n<p>2.\u200b &#8220;D\u00fcnyan\u0131n B\u00fct\u00fcn \u00c7i\u00e7ekleri&#8221; adl\u0131 \u00f6\u011frencilerinizle haz\u0131rlad\u0131\u011f\u0131n\u0131z kitap \u00e7al\u0131\u015fman\u0131zdan ve yine d\u00fcnyan\u0131n b\u00fct\u00fcn \u00e7i\u00e7ekleriyle (\u00f6\u011frencilerinizle) haz\u0131rlad\u0131\u011f\u0131n\u0131z di\u011fer \u00e7al\u0131\u015fman\u0131z olan &#8220;21. Y\u00fczy\u0131l Bilim \u0130dollerimiz&#8221; eserlerini bize anlatabilir misiniz? Bas\u0131nda da geni\u015f yer verilen \u00f6\u011frencilerinizle haz\u0131rlad\u0131\u011f\u0131n\u0131z bu eserlerin ortaya \u00e7\u0131k\u0131\u015f\u0131 nas\u0131l oldu?<\/p>\n<p><strong>S\u0131radan bir din k\u00fclt\u00fcr\u00fc ve ahlak bilgisi \u00f6\u011fretmeni imaj\u0131ndan her t\u00fcr\u00fcyle uzak durmaya \u00e7al\u0131\u015f\u0131yorum. Bende ne varsa edebiyat, tiyatro gibi onlar\u0131 \u00f6\u011frencilerime de a\u015f\u0131lamaya \u00e7al\u0131\u015f\u0131yorum. \u0130lk olarak okulda geni\u015f kat\u0131l\u0131mla yapt\u0131\u011f\u0131m\u0131z \u015fiir ve \u00f6yk\u00fc yar\u0131\u015fmas\u0131 sonucu 22 \u00f6\u011frencimin \u015fiir ve \u00f6yk\u00fclerinden olu\u015fan \u201cD\u00fcnyan\u0131n b\u00fct\u00fcn \u00e7i\u00e7ekleri\u201d isimli bir kitap \u00e7\u0131kartt\u0131k, yazabilme yetene\u011fi oldu\u011funu fark eden bir\u00e7ok \u00f6\u011frencim oldu, bu bize yeter. Di\u011fer kitab\u0131m\u0131z\u201d 21. Y\u00fczy\u0131l bilim idollerimiz\u201d yine 31 \u00f6\u011frencim 31 ya\u015fayan T\u00fcrk bilim insan\u0131m\u0131z\u0131n hayatlar\u0131n\u0131 ba\u015far\u0131lar\u0131n\u0131 ara\u015ft\u0131r\u0131p yazd\u0131 bu kitap sayesinde onlarla tan\u0131\u015fma imk\u00e2n\u0131 buldular ve kabuklar\u0131ndan bir nebze olsun \u00e7\u0131kt\u0131lar, daha ne isterim. Bas\u0131nda yer bulma konusu ise, bas\u0131n o kadar \u00e7ok \u00e7er \u00e7\u00f6pe yer veriyor ki orada yer almas\u0131 art\u0131 m\u0131 eksi mi art\u0131k kestiremiyorum.<\/strong><\/p>\n<p>&nbsp;<\/p>\n<p>3. \u200b&#8221;\u0130\u00e7imizde Kalmas\u0131n&#8221; atanma daha do\u011frusu atanamama s\u00fcrecinizi anlatan bir d\u00fcz yaz\u0131 eseriydi, ard\u0131ndan &#8220;\u0130\u015fte D\u00fcnya B\u00f6yledir&#8221; adl\u0131 olduk\u00e7a g\u00fczel bir \u015fiir kitab\u0131 yazd\u0131n\u0131z. Asl\u0131nda eserlerin t\u00fcrleri farkl\u0131 olsa da i\u00e7lerinde ki duygular birbirine olduk\u00e7a benzer&#8230; Okuyucuyla dertle\u015fmi\u015f oldu\u011funuzu d\u00fc\u015f\u00fcnd\u00fc\u011f\u00fcm\u00fcz bu eserlerinizin yaz\u0131lma s\u00fcrecinden bahseder misiniz?<\/p>\n<p><strong>\u0130\u00e7imde Kalmas\u0131n roman\u0131 benim ilk g\u00f6z a\u011fr\u0131m. Atanamad\u0131\u011f\u0131m demeyelim de atamam\u0131n yap\u0131lmad\u0131\u011f\u0131 s\u00fcre\u00e7te kendi bo\u015flu\u011fumu yaratm\u0131\u015fken ortaya \u00e7\u0131kard\u0131\u011f\u0131m bir eserdi. Bir nevi\u201d e\u011fer hayat\u0131n\u0131zda ters giden \u015feyler olursa ve buna kar\u015f\u0131 yapabilecek hi\u00e7bir \u015feyiniz yoksa ba\u015f\u0131n\u0131za ne haltlar gelebilir\u201d isimli 318 sayfal\u0131k bir kompozisyon olarak d\u00fc\u015f\u00fcnebilirsiniz. \u015eiiri hep yaz\u0131yordum ama kitap olmas\u0131 pek d\u00fc\u015f\u00fcnd\u00fc\u011f\u00fcm \u015fey de\u011fildi \u201ci\u015fte d\u00fcnya b\u00f6yledir \u201c kitab\u0131yla bir a\u00e7\u0131dan kendimi yenmi\u015f oldum. Duygular\u0131n yazd\u0131\u011f\u0131m \u015feylerde birbirine benzemesi ise; ben hissetmedi\u011fim hi\u00e7bir \u015fey yazm\u0131yorum, hissettiklerim de her yerde birbirine benziyor. Yazd\u0131klar\u0131m\u0131n en ufak bir \u015fekilde kab\u0131n \u015feklini ald\u0131\u011f\u0131n\u0131 fark edersem her \u015feyi b\u0131rakabilirim.<\/strong><\/p>\n<p>&nbsp;<\/p>\n<p>4. \u200bCo\u011frafya kader midir? \u015e\u0131rnak&#8217;ta \u00f6\u011fretmenlik yapan biri olarak gayet ba\u015far\u0131l\u0131, \u00f6rnek \u00e7al\u0131\u015fmalar y\u00fcr\u00fcten, idealist bir \u00f6\u011fretmensiniz. Hi\u00e7 zorlan\u0131p, pes etmeyi, m\u00fcfredatta ne varsa anlat\u0131p eve gitmeyi tercih eden bir \u00f6\u011fretmen olma ikilemine d\u00fc\u015ft\u00fcn\u00fcz m\u00fc?<\/p>\n<p><strong>Co\u011frafya; bu co\u011frafyan\u0131n do\u011fas\u0131 bu, de\u011fi\u015ftirmeye d\u00f6n\u00fc\u015ft\u00fcrmeye \u00e7al\u0131\u015fmak bo\u015funa diye d\u00fc\u015f\u00fcnenlerin oldu\u011fu yerde kaderdir. Ben s\u00f6z\u00fc sorunun ilk k\u0131sm\u0131 i\u00e7in babama b\u0131rak\u0131yorum; \u201colmak istedi\u011fin yerlerin hayaliyle vakit kaybetmektense, oldu\u011fun her yeri hayallerini kurdu\u011fun yerlere \u00e7evir!\u201d<\/strong><\/p>\n<p><strong>Sorunun ikinci k\u0131sm\u0131na gelecek olursam: yapt\u0131\u011f\u0131m \u015feyin idealistlik kisvesi alt\u0131na b\u00fcr\u00fcnmesi beni ilerisi i\u00e7in endi\u015felendiriyor. Asl\u0131nda yapt\u0131\u011f\u0131m sadece olmas\u0131 gerekti\u011fini d\u00fc\u015f\u00fcnd\u00fc\u011f\u00fcm \u00f6\u011fretmenlik. Burada f\u0131r\u0131n i\u015fletip ekmek \u00e7\u0131karm\u0131yoruz ki pes edip gidelim; insan yeti\u015ftiriyoruz. M\u00fcfredatlar, say\u0131lar, s\u00f6zc\u00fckler \u00e7ocu\u011fu mutlu bir ana g\u00f6t\u00fcrm\u00fcyorsa benim i\u00e7in zerresiyle bo\u015ftur.<\/strong><\/p>\n<p><img fetchpriority=\"high\" decoding=\"async\" class=\"alignnone wp-image-9886 \" src=\"http:\/\/kadrandergi.com.tr\/wp-content\/uploads\/2020\/03\/r2-e1583275229561.jpeg\" alt=\"\" width=\"725\" height=\"388\" \/><\/p>\n<p>5.\u200b Tiyatroya olan ilginizi biliyoruz. \u00d6\u011frencileriniz yazd\u0131\u011f\u0131n\u0131z tiyatro eserlerinizi sahneledi. Ard\u0131ndan bu tiyatrolar ve daha niceleri youtube kanal\u0131n\u0131zda yay\u0131nland\u0131. \u00d6\u011frencilerinizle olan tiyatro yolculuklar\u0131n\u0131z\u0131n an\u0131lar\u0131n\u0131 dinleyebilir miyiz?<\/p>\n<p><strong>Tiyatro benim i\u00e7imde hep bir ukdeydi, ben de ortaokuldayken hep i\u00e7indeydim ancak sonra devam etme \u015fans\u0131m olmad\u0131, atan\u0131r atanmaz bu hayali \u00f6\u011frencilerimle devam ettirmek istedim. Gelir gelmez ilk i\u015fim \u201cd\u00fcnyan\u0131n b\u00fct\u00fcn \u00e7i\u00e7ekleri \u201c isimli bir tiyatro ekibi kurmak oldu zaten. Bulundu\u011fumuz yerde ilk etapta haz\u0131r oyunu sahnelemek konusunda bile \u00e7ok s\u0131k\u0131nt\u0131lar \u00e7ektik ancak daha sonra b\u00fcy\u00fck \u015fehirlerin b\u00fcy\u00fck \u00fcniversitelerinden davetler almaya ba\u015flay\u0131nca herkesin bize olan bak\u0131\u015f a\u00e7\u0131s\u0131 de\u011fi\u015fti, \u015funu \u00f6\u011frendik: D\u00fcnyan\u0131n en iyi i\u015fini yap bu iyi pazarlanm\u0131yorsa hi\u00e7tir. Onca zorluklardan sonra tiyatro yolculuklar\u0131nda beni en \u00e7ok etkileyen s\u00f6z \u00f6\u011frencim Samet\u2019in ilk u\u00e7ak seyahatinde hisleriyle ilgili onunla r\u00f6portaj yapt\u0131\u011f\u0131m\u0131zda s\u00f6yledi\u011fi \u201csen korkmazsan korku yok, biz onca zorlu\u011fu a\u015fm\u0131\u015f\u0131z bu mu zor gelecek Allah a\u015fk\u0131na\u201d s\u00f6z\u00fcyd\u00fc. \u00c7ok farkl\u0131 \u015fehirlere gittik hepsinde inan\u0131lmaz deneyimler ya\u015fad\u0131k diyebilirim.<\/strong><\/p>\n<p>&nbsp;<\/p>\n<p>6.\u200b Eserlerinizde s\u00fcrekli ithaflarda bulundu\u011funuz, \u201cBaba\u201d fig\u00fcr\u00fcn\u00fc sizin i\u00e7in olduk\u00e7a\u00a0bask\u0131n k\u0131lan\u00a0nedir?<\/p>\n<p><strong>Baba benim i\u00e7in kahramand\u0131r, idold\u00fcr, ya\u015fama tutunma azmidir, pes etmemek ama ayn\u0131 zamanda kendini defalarca ma\u011flup hissetmektir, yenilgiyi belli etmemektir, \u00fcst\u00fcn\u00fc silkeleyip tekrar ko\u015fmaya devam etmektir. Babamla b\u00fcy\u00fcd\u00fcm, yazd\u0131klar\u0131ma ilk inanan, \u00f6\u011fretmen olaca\u011f\u0131ma ilk inanan, bana ilk inanan ki\u015fidir. \u015eiir; \u201cdur \u015funu da yazay\u0131m\u201d olay\u0131 olmad\u0131\u011f\u0131 i\u00e7in yazarken mutlaka baba ge\u00e7iyor i\u00e7inden.<\/strong><\/p>\n<p>&nbsp;<\/p>\n<p>7. Okurlar\u0131n\u0131z olarak yak\u0131nda\u00a0yeni bir kitap\u00a0\u00e7\u0131kar\u00a0m\u0131 diye de merak ediyoruz?<\/p>\n<p><strong>O kadar \u00e7ok fikrimin, tasla\u011f\u0131m\u0131n, haz\u0131ra yak\u0131n dosyalar\u0131m\u0131n i\u00e7inde Yak\u0131nda \u00e7\u0131kar m\u0131 bilmiyorum, hatta kitap \u00e7\u0131kar\u0131r m\u0131y\u0131m onu da bilmiyorum. Benim i\u00e7in bir sabah uyan\u0131p hi\u00e7bir \u015fey yazmamaya karar vermek \u00e7ok olas\u0131. <\/strong><\/p>\n<p>&nbsp;<\/p>\n<p>8. Sizin son olarak buradan\u00a0\u015fiir\u00a0severlere\u00a0ve tabii ki\u00a0\u00f6\u011frencilere\u00a0s\u00f6ylemek\u00a0istedi\u011finiz bir \u015fey var m\u0131?<\/p>\n<p><strong>\u015eiir severlere tavsiyem yok \u015fiir sevmeyenlere serzeni\u015fim \u015fu; nas\u0131l \u015fiir sevmezsiniz abiler?<\/strong><\/p>\n<p><strong>\u015eu anki \u00f6\u011frencilerime ve meslek hayat\u0131m boyunca \u00f6\u011fretmeni olaca\u011f\u0131m t\u00fcm \u00f6\u011frencilerime hep \u015funu s\u00f6yleyece\u011fim: Kendinize inanmazsan\u0131z kimseden size inanmas\u0131n\u0131 bekleyemezsiniz. Size inanmas\u0131n\u0131 istediklerinizi, kendinize inand\u0131\u011f\u0131n\u0131za inand\u0131r\u0131n.<\/strong><\/p>\n<p>&nbsp;<\/p>\n","protected":false},"excerpt":{"rendered":"<p>&nbsp; 1.\u200b D\u00fcnyan\u0131n B\u00fct\u00fcn \u00c7i\u00e7eklerinin \u00f6\u011fretmeni,&#8230;<\/p>\n","protected":false},"author":37,"featured_media":9884,"comment_status":"open","ping_status":"open","sticky":false,"template":"","format":"standard","meta":{"footnotes":""},"categories":[59],"tags":[],"_links":{"self":[{"href":"https:\/\/www.kadrandergi.com.tr\/index.php?rest_route=\/wp\/v2\/posts\/9883"}],"collection":[{"href":"https:\/\/www.kadrandergi.com.tr\/index.php?rest_route=\/wp\/v2\/posts"}],"about":[{"href":"https:\/\/www.kadrandergi.com.tr\/index.php?rest_route=\/wp\/v2\/types\/post"}],"author":[{"embeddable":true,"href":"https:\/\/www.kadrandergi.com.tr\/index.php?rest_route=\/wp\/v2\/users\/37"}],"replies":[{"embeddable":true,"href":"https:\/\/www.kadrandergi.com.tr\/index.php?rest_route=%2Fwp%2Fv2%2Fcomments&post=9883"}],"version-history":[{"count":0,"href":"https:\/\/www.kadrandergi.com.tr\/index.php?rest_route=\/wp\/v2\/posts\/9883\/revisions"}],"wp:featuredmedia":[{"embeddable":true,"href":"https:\/\/www.kadrandergi.com.tr\/index.php?rest_route=\/"}],"wp:attachment":[{"href":"https:\/\/www.kadrandergi.com.tr\/index.php?rest_route=%2Fwp%2Fv2%2Fmedia&parent=9883"}],"wp:term":[{"taxonomy":"category","embeddable":true,"href":"https:\/\/www.kadrandergi.com.tr\/index.php?rest_route=%2Fwp%2Fv2%2Fcategories&post=9883"},{"taxonomy":"post_tag","embeddable":true,"href":"https:\/\/www.kadrandergi.com.tr\/index.php?rest_route=%2Fwp%2Fv2%2Ftags&post=9883"}],"curies":[{"name":"wp","href":"https:\/\/api.w.org\/{rel}","templated":true}]}}