{"id":9826,"date":"2020-02-01T00:02:09","date_gmt":"2020-01-31T22:02:09","guid":{"rendered":"http:\/\/kadrandergi.com.tr\/?p=9826"},"modified":"2020-02-01T00:02:09","modified_gmt":"2020-01-31T22:02:09","slug":"soylesi-arif-cicek","status":"publish","type":"post","link":"https:\/\/www.kadrandergi.com.tr\/?p=9826","title":{"rendered":"Edebiyat S\u00f6yle\u015fileri: Arif \u00c7i\u00e7ek-Durdurun Otob\u00fcs\u00fc Hikayem Var"},"content":{"rendered":"<p><strong>Arif \u00c7i\u00e7ek<\/strong><\/p>\n<p>1990 Bursa do\u011fumludur. Aslen Ankaral\u0131 oldu\u011fu ve kalabal\u0131k bir aileye sahip oldu\u011fu i\u00e7in kendini s\u00fcrekli oyun havas\u0131 oynarken ya da halay \u00e7ekerken bulabiliyor. S\u0131rf izledi\u011fi bir stand-up g\u00f6sterisinde merak etti\u011fi i\u00e7in turizm lisesine gitmi\u015f ve bir daha turizmden ayr\u0131lamam\u0131\u015ft\u0131r. Ege \u00dcniversitesi \u00c7e\u015fme Turizm ve Otelcilik Y\u00fcksekokulu\u2019ndan mezun olmu\u015ftur. Ya\u015fam\u0131n\u0131n ve terazi burcunun verdi\u011fi yetkiye dayanarak \u00fcniversite zamanlar\u0131ndaki ba\u015far\u0131s\u0131z a\u015fk giri\u015fimlerini anlatt\u0131\u011f\u0131 \u201cLeyla\u2019y\u0131 Beklerken\u201d ilk kitab\u0131d\u0131r. Yapt\u0131\u011f\u0131 seyahatlerde hayat\u0131na ald\u0131\u011f\u0131 insanlar\u0131n hik\u00e2yelerini kurgulayarak ortaya \u00e7\u0131kard\u0131\u011f\u0131 uzun bir yolculu\u011fu konu alan \u201cDurdurun Otob\u00fcs\u00fc! Bir Hik\u00e2yem Var\u201d kitab\u0131 ise ikinci kitab\u0131d\u0131r.<\/p>\n<p><strong>\u00a0<\/strong><\/p>\n<p><strong>Merhabalar Arif Bey. \u00d6ncelikle sizinle ve kitaplar\u0131n\u0131zla tan\u0131\u015ft\u0131\u011f\u0131m\u0131za \u00e7ok memnun olduk. Hen\u00fcz tan\u0131\u015famayanlar i\u00e7in k\u0131saca kendinizden, otob\u00fcs\u00fcn\u00fcz\u00fcn u\u011frad\u0131\u011f\u0131 duraklardan bahsedebilir misiniz?<\/strong><\/p>\n<p>Kendimize s\u00fcrekli s\u0131fatlar buluyoruz. \u00c7ocuk, \u00f6\u011frenci, ergen, \u00e7al\u0131\u015fan, yazar, yazan ve daha nicesi kendimizi tan\u0131mlamak i\u00e7in mi? Bilemiyorum, ne zaman kendimi d\u00fc\u015f\u00fcnsem i\u015fin i\u00e7inden \u00e7\u0131kam\u0131yorum zaten. Neden yaz\u0131yorum? Ben kimim? Neden otob\u00fcs yolculu\u011fu? Kafamda s\u00fcrekli soru i\u015faretleri\u2026 \u00a0Kendimi ifade edebilmek i\u00e7in yazmaya karar vermi\u015ftim. O zamanlar y\u00fcz y\u00fcze s\u00f6ylemeye cesaret edemedi\u011fim c\u00fcmleleri yazarak anlat\u0131yordum, belki bir g\u00fcn okur diye\u2026 \u015eimdiyse y\u00fcz y\u00fcze s\u00f6ylemeye cesaret edebildi\u011fim c\u00fcmleleri yaz\u0131yorum. C\u00fcmlelerimin sahipleri de\u011fi\u015fti, sadece ben kald\u0131m i\u015fte. Anlayaca\u011f\u0131n kendimi ifade edebilmek i\u00e7in yazmaya ba\u015flad\u0131m, hala yaz\u0131yorum. Duraklarsa zaten birer hik\u00e2ye\u2026 Her yeni durak hayat\u0131m\u0131n bir evresini anlat\u0131yor asl\u0131nda. Bazen otob\u00fcs\u00fc kullanan ben oluyorum, bazen yolculara \u00e7ay ya da kahve da\u011f\u0131t\u0131yorum, bazense yolcunun ta kendisi oluyorum. Fakat ne olursam olay\u0131m o dura\u011fa yani hayat\u0131n bize yeni sundu\u011fu evrelere muhakkak u\u011fruyoruz, yani u\u011framal\u0131y\u0131z asl\u0131nda.<\/p>\n<p><strong>\u00a0<\/strong><\/p>\n<p><strong>Bu yolculuk tarifi \u00e7ok iyi cidden, \u00e7o\u011fu zaman unuttu\u011fumuz bir yol belki de&#8230; Peki, kitab\u0131n\u0131z\u0131 elinize ilk ald\u0131\u011f\u0131n\u0131zda neler hissettiniz? Nas\u0131l bir heyecand\u0131 sizin i\u00e7in?<\/strong><\/p>\n<p>Ac\u0131 duydum. \u0130lk kitab\u0131m kendimle olan kavgamd\u0131. Hayat\u0131m\u0131n neden yolunda gitmedi\u011fiyle alakal\u0131 bir sorgulamayd\u0131. Ya\u015fad\u0131klar\u0131m\u0131 yeniden d\u00fc\u015f\u00fcnd\u00fcm ve d\u00fc\u015f\u00fcn\u00fcrken kaleme ald\u0131m. Hi\u00e7bir \u015feyin yolunda gitmedi\u011fini her \u015feyin yolunda gitti\u011fini sand\u0131\u011f\u0131mda anlam\u0131\u015ft\u0131m. \u00dcst \u00fcste ya\u015fad\u0131\u011f\u0131m hayal k\u0131r\u0131kl\u0131klar\u0131 ve heyecanlar bana bir \u015feyler yazd\u0131r\u0131yordu. \u0130lk defa k\u0131sa bir hik\u00e2ye yazm\u0131\u015ft\u0131m ve ilk defa bir hayal kurmu\u015ftum. \u0130\u015fte bu hayallerin hepsi ilk kitapta var. Bu g\u00fczel heyecanlar\u0131n hepsiyse birer ac\u0131n\u0131n b\u00fct\u00fcn\u00fc\u2026 Elime al\u0131p kitab\u0131n bir sayfas\u0131n\u0131 rastgele a\u00e7t\u0131\u011f\u0131mda kendimi bu karma\u015f\u0131k duygular\u0131n i\u00e7inde buldum.<\/p>\n<p>&nbsp;<\/p>\n<p><strong>Dar\u0131s\u0131 t\u00fcm bekleyenlerin ba\u015f\u0131na diyelim o zaman. \u0130lk kitab\u0131n\u0131z \u201cLeyla\u2019y\u0131 beklerken\u201d ger\u00e7ekten bir bekleyi\u015fin kitab\u0131 m\u0131?<\/strong><\/p>\n<p>Leyla\u2019y\u0131 Beklerken bir bekleyi\u015fin kitab\u0131 de\u011fil, bir serzeni\u015fin yank\u0131s\u0131d\u0131r. Bir insan \u00fcst \u00fcste bu kadar hata yapar m\u0131? Bu bir \u201cbeklemek\u201d eylemi de\u011fil, \u201ckendini sorgulamak\u201d eylemi diyebiliriz. En b\u00fcy\u00fck hastal\u0131\u011f\u0131m d\u00fc\u015f\u00fcnmek ama buna b\u00f6yle her \u015feyi d\u00fc\u015f\u00fcnmek diyebiliriz. En b\u00fcy\u00fck sorgulamalar\u0131msa d\u00fc\u015f\u00fcnmek \u00fczerine olanlard\u0131. D\u00fc\u015f\u00fcnd\u00fcm, sorgulad\u0131m, bekledim ve yazd\u0131m.<\/p>\n<p>&nbsp;<\/p>\n<p><strong>Yolculuklar\u0131n ba\u015f kahraman\u0131, Fergan \u00c7 ile nas\u0131l tan\u0131\u015ft\u0131n\u0131z?<\/strong><\/p>\n<p>Gece \u00e7al\u0131\u015ft\u0131\u011f\u0131m bir d\u00f6nemde sabah i\u015ften \u00e7\u0131k\u0131p eve gitmeden \u00f6nce bir kahveci d\u00fckk\u00e2n\u0131na gitmi\u015ftim. Kahvemi haz\u0131rlayan baristan\u0131n ismi Fergan\u2019d\u0131. Anlam\u0131n\u0131 sordum. Fars\u00e7a\u2019da \u201c\u0131\u015f\u0131k sa\u00e7an\u201d anlam\u0131na sahip bu isim \u00e7ok ho\u015fuma gitmi\u015fti. Hatta kendisine bu ismi ileride kullanaca\u011f\u0131m\u0131 s\u00f6yledi\u011fimde \u015fa\u015f\u0131rm\u0131\u015f ve g\u00fcl\u00fcmsemi\u015fti. Tesad\u00fcflere inanan bir insan\u0131m, yani hayat\u0131m\u0131n hemen hemen her d\u00f6neminde bir \u015fekilde tesad\u00fcflerin faydas\u0131n\u0131 g\u00f6rd\u00fcm. Bundan dolay\u0131 inanmam gerekti\u011fini d\u00fc\u015f\u00fcn\u00fcyorum. D\u00fc\u015f\u00fcnd\u00fc\u011f\u00fcm i\u00e7inde o andan sonra yazd\u0131\u011f\u0131m hik\u00e2ye ve yaz\u0131lara bir karakter olu\u015fturarak yazmaya devam ettim. Fergan bazen benim, bazen beni sorgulayan adam, bazen hik\u00e2yenin ta kendisi ama asl\u0131nda hi\u00e7 olmayan sadece c\u00fcmlelerime \u0131\u015f\u0131k tutan\u2026<\/p>\n<p><strong>\u00a0<\/strong><\/p>\n<p><strong>Yukar\u0131 da hayat yolculu\u011fu \u015feklinde bahsettiniz asl\u0131nda ama i\u00e7inden otob\u00fcs ge\u00e7en hik\u00e2yeler \u00f6nceden planlad\u0131\u011f\u0131n\u0131z bir \u015fablon muydu? Yoksa hik\u00e2yeleri yerle\u015ftirece\u011finiz bir kap ararken mi buldunuz?<\/strong><\/p>\n<p>\u00dcniversiteyi farkl\u0131 bir ilde okudu\u011fum i\u00e7in s\u00fcrekli seyahat eden birisiydim. Otob\u00fcs yolculuklar\u0131yla fazla i\u00e7li d\u0131\u015fl\u0131yd\u0131m yani\u2026 Her yolculukta di\u011fer koltuklarda oturan yolcular\u0131n hik\u00e2yelerini d\u00fc\u015f\u00fcn\u00fcrd\u00fcm. Otogarlarda el sallayanlara, telefon konu\u015fmalar\u0131na, insanlar\u0131n birbirleriyle konu\u015fmalar\u0131na \u015fahit olurdum. Ba\u015fka insanlar\u0131n hik\u00e2yeleri hep ilgimi \u00e7ekmi\u015ftir. Yani asl\u0131nda otob\u00fcs yolculuklar\u0131ndaki insanlar\u0131n hik\u00e2yelerini hep d\u00fc\u015f\u00fcn\u00fcyordum, sadece o \u015fablonu olu\u015fturmak i\u00e7in arad\u0131\u011f\u0131m d\u00f6nemi bekliyordum. Karar verdi\u011fim anda da \u00f6nce \u015fablonu, sonra var olan hik\u00e2yeleri bu \u015fablona oturttum diyebilirim.<\/p>\n<p><strong>\u00a0<\/strong><\/p>\n<p><strong>Hik\u00e2yelerinizdeki karakterler ger\u00e7ek mi? Hepsiyle tan\u0131\u015f\u0131yor musunuz?<\/strong><\/p>\n<p>Hik\u00e2yelerin hepsi ger\u00e7ek ya\u015fayan insanlara ait, hatta hik\u00e2ye sahiplerinin hepsi bir \u015fekilde benim hayat\u0131mda olan insanlard\u0131r. Sadece tan\u0131\u015ft\u0131\u011f\u0131m bu insanlar\u0131n kendilerine ait hik\u00e2yelerini kurgulad\u0131m diyebilirim. Onlar benim hayat\u0131ma bir \u015fekilde d\u00e2hil oldu, ben sadece onlar\u0131 bu yolculu\u011fa davet ettim.<\/p>\n<p><strong>\u00a0<img fetchpriority=\"high\" decoding=\"async\" class=\"wp-image-9828 alignright\" src=\"http:\/\/kadrandergi.com.tr\/wp-content\/uploads\/2020\/02\/WhatsApp-Image-2020-02-03-at-11.56.11-e1580811951839.jpeg\" alt=\"\" width=\"335\" height=\"281\" \/><\/strong><\/p>\n<p><strong>Eklemesem \u00e7ok eksik kal\u0131rd\u0131, mutlaka o olmal\u0131yd\u0131 dedi\u011finiz bir b\u00f6l\u00fcm var m\u0131 kitapta?<\/strong><\/p>\n<p>Fergan\u2019\u0131n kendi hik\u00e2yesini eklemesem eksik kal\u0131rd\u0131. Kitab\u0131 yazmaya ba\u015flad\u0131\u011f\u0131m ilk andan itibaren Fergan\u2019\u0131n yazaca\u011f\u0131 hik\u00e2yeyi d\u00fc\u015f\u00fcn\u00fcyordum. \u00c7\u00fcnk\u00fc Fergan\u2019\u0131n hik\u00e2yesi olan 26 numaral\u0131 koltu\u011fun hik\u00e2yesi ilk kitab\u0131mda yar\u0131m kalm\u0131\u015f bir hik\u00e2yenin sonlanmas\u0131yd\u0131 benim i\u00e7in. Fergan bir \u015fekilde beni kendi hik\u00e2yesiyle sorgulam\u0131\u015f ve yar\u0131m kalan hik\u00e2yeye \u0131\u015f\u0131k tutmu\u015ftu. Bu y\u00fczden en \u00e7ok onun hik\u00e2yesini merak ediyordum.<\/p>\n<p><strong>\u00a0<\/strong><\/p>\n<p><strong>Genelde iyi kitaplar\u0131n ak\u0131\u015f\u0131n\u0131 bir yerden sonra yazar de\u011fil karakter belirler derler. Bu cevab\u0131n\u0131z bana bu c\u00fcmleyi hat\u0131rlatt\u0131. Di\u011fer yolcular aras\u0131nda hi\u00e7 unutamad\u0131\u011f\u0131n\u0131z bir tanesi var m\u0131yd\u0131 peki?<\/strong><\/p>\n<p>40 numaral\u0131 koltu\u011fa ait hik\u00e2ye soluksuz okudu\u011fum hik\u00e2yelerden bir tanesiydi. Bir adam\u0131n duygular\u0131 ve \u00e7aresizli\u011fi aras\u0131nda kalmas\u0131, bir kad\u0131n\u0131n tabiri caizse kalbini ger\u00e7ekten ikiye b\u00f6lmesi\u2026 \u00c7ok h\u00fcz\u00fcnl\u00fc, \u00e7ok dramatik bir hik\u00e2yeydi.<\/p>\n<p><strong>\u00a0<\/strong><\/p>\n<p><strong>Tabi okumayanlara spoiler vermi\u015f olmayal\u0131m da \u015fimdi, kitab\u0131n sonuyla ilgili \u00f6yle olmasayd\u0131 b\u00f6yle yazard\u0131m dedi\u011finiz ba\u015fka bir son var m\u0131yd\u0131? <\/strong><\/p>\n<p>H\u00fcz\u00fcn benim hayat\u0131m\u0131n bir ger\u00e7e\u011fi, yani ben \u00f6yle d\u00fc\u015f\u00fcn\u00fcyorum. Mutlu bir son bana yak\u0131\u015fmazd\u0131. Hayat\u0131n\u0131n her d\u00f6neminde melankolik kalmay\u0131 ba\u015faran birisi mutlu bir sonla an\u0131lmamal\u0131yd\u0131. Sonu yine h\u00fcz\u00fcnl\u00fc olurdu ama belki alternatif ba\u015fka bir son olabilirdi.<\/p>\n<p><strong>\u00a0<\/strong><\/p>\n<p><strong>Okurlar\u0131n tepkileri sizce nas\u0131ld\u0131 kitaba kar\u015f\u0131? Kendi ad\u0131ma sonunu g\u00f6rene kadar bile \u00e7ok be\u011fenmi\u015ftim, bitirdikten sonra \u201cvay bee&#8230;\u201d diyerek bitirdi\u011fim kitaplardan oldu. (spoiler yok)\u00a0<\/strong><\/p>\n<p>Bekledi\u011fimden daha olumluydu. Yapt\u0131\u011f\u0131m ters k\u00f6\u015fenin alaca\u011f\u0131 final tepkilerini kestiremiyordum. Fakat \u015fu ana kadar genelde pozitif yorumlar ald\u0131m ve almaya devam ediyorum.<\/p>\n<p><strong>\u00a0<\/strong><\/p>\n<p><strong>Ekim 2018\u2019den beridir, kitab\u0131n sizdeki yeri ve \u00f6nemini tek bir c\u00fcmleyle \u00f6zetleyebilir misiniz? <\/strong><\/p>\n<p>Uzun ince bir yolday\u0131m, gidiyorum g\u00fcnd\u00fcz gece, bilmiyorum ne haldeyim, gidiyorum g\u00fcnd\u00fcz gece&#8230;<\/p>\n<p>&nbsp;<\/p>\n<p><strong>S\u0131rada okurlar\u0131n\u0131z yeni bir kitap \u00e7al\u0131\u015fmas\u0131 mevcut mu?<\/strong><\/p>\n<p>Evet, \u015fu an yeni kitab\u0131n ilk \u00e7al\u0131\u015fmas\u0131n\u0131 kafamda tasarlad\u0131m. Konusu, ad\u0131, hatta i\u00e7eri\u011fiyle finali bile haz\u0131r. Sadece Fergan\u2019la bir araya gelip yazmaya ba\u015flamas\u0131 kald\u0131. A\u011f\u0131r bir h\u00fcz\u00fcn, buram buram ac\u0131 olan yeni bir kitab\u0131m yava\u015ftan kendine \u201cmerhaba\u201d demeye haz\u0131rlan\u0131yor diyebilirim.<\/p>\n<p><strong>\u00a0<\/strong><\/p>\n<p><strong>Bu haz\u0131rl\u0131k bizi sevindirdi. Bir an \u00f6nce ula\u015f\u0131r umar\u0131m t\u00fcm okurlara. Son olarak t\u00fcm yolculara ve yolculuklara s\u00f6ylemek, eklemek istedi\u011finiz bir \u015fey var m\u0131?<\/strong><\/p>\n<p>O yolculuklar\u0131n sonuna kadar gidin ve ger\u00e7ekle\u015ftirin! Her yolculuk insana yeni bak\u0131\u015f a\u00e7\u0131lar\u0131, yeni duygular, yeni insanlar kat\u0131yor. Yolculuklara \u00e7\u0131kmaktan \u00e7ekinmeyin ve hi\u00e7bir yolculu\u011fu yar\u0131m b\u0131rakmay\u0131n. \u0130yi ya da k\u00f6t\u00fc olan her yol sizindir, yani bizim&#8230;<\/p>\n<p>&nbsp;<\/p>\n","protected":false},"excerpt":{"rendered":"<p>Arif \u00c7i\u00e7ek 1990 Bursa do\u011fumludur. Aslen&#8230;<\/p>\n","protected":false},"author":37,"featured_media":9827,"comment_status":"open","ping_status":"open","sticky":false,"template":"","format":"standard","meta":{"footnotes":""},"categories":[59],"tags":[],"_links":{"self":[{"href":"https:\/\/www.kadrandergi.com.tr\/index.php?rest_route=\/wp\/v2\/posts\/9826"}],"collection":[{"href":"https:\/\/www.kadrandergi.com.tr\/index.php?rest_route=\/wp\/v2\/posts"}],"about":[{"href":"https:\/\/www.kadrandergi.com.tr\/index.php?rest_route=\/wp\/v2\/types\/post"}],"author":[{"embeddable":true,"href":"https:\/\/www.kadrandergi.com.tr\/index.php?rest_route=\/wp\/v2\/users\/37"}],"replies":[{"embeddable":true,"href":"https:\/\/www.kadrandergi.com.tr\/index.php?rest_route=%2Fwp%2Fv2%2Fcomments&post=9826"}],"version-history":[{"count":0,"href":"https:\/\/www.kadrandergi.com.tr\/index.php?rest_route=\/wp\/v2\/posts\/9826\/revisions"}],"wp:featuredmedia":[{"embeddable":true,"href":"https:\/\/www.kadrandergi.com.tr\/index.php?rest_route=\/"}],"wp:attachment":[{"href":"https:\/\/www.kadrandergi.com.tr\/index.php?rest_route=%2Fwp%2Fv2%2Fmedia&parent=9826"}],"wp:term":[{"taxonomy":"category","embeddable":true,"href":"https:\/\/www.kadrandergi.com.tr\/index.php?rest_route=%2Fwp%2Fv2%2Fcategories&post=9826"},{"taxonomy":"post_tag","embeddable":true,"href":"https:\/\/www.kadrandergi.com.tr\/index.php?rest_route=%2Fwp%2Fv2%2Ftags&post=9826"}],"curies":[{"name":"wp","href":"https:\/\/api.w.org\/{rel}","templated":true}]}}