{"id":9559,"date":"2019-10-05T21:59:48","date_gmt":"2019-10-05T18:59:48","guid":{"rendered":"http:\/\/kadrandergi.com.tr\/?p=9559"},"modified":"2019-10-05T21:59:48","modified_gmt":"2019-10-05T18:59:48","slug":"pusula-soylesileri-2-mustafa-sade","status":"publish","type":"post","link":"https:\/\/www.kadrandergi.com.tr\/?p=9559","title":{"rendered":"Pusula S\u00f6yle\u015fileri 2 \/ Mustafa Sade"},"content":{"rendered":"<p><strong><em>\u201cSuya Kalem \u00c7alan \u015eair\u201d<\/em><\/strong><\/p>\n<p><em>Merhaba de\u011ferli okurlar. Aradan ge\u00e7en iki bu\u00e7uk y\u0131l\u0131n sonunda Pusula S\u00f6yle\u015fileri&#8217;nin ikincisiyle nihayet kar\u0131\u015f\u0131n\u0131zday\u0131z. Bu uzun s\u00fcreli ayr\u0131l\u0131\u011f\u0131n elbette \u00e7e\u015fitli sebepleri vard\u0131. Ancak hepsine kader deyip ge\u00e7iyoruz. \u0130kinci r\u00f6portaj\u0131m\u0131z\u0131 \u00e7o\u011funuzun asl\u0131nda yak\u0131ndan tan\u0131d\u0131\u011f\u0131, dergimizin \u015fairlerinden ve dahi hem\u015fehrisi olmakla onur duydu\u011fumuz \u015eanl\u0131urfal\u0131 \u015fair Mustafa Sade ile yapmak nasip oldu. R\u00f6portaj\u0131 yaparken fazlas\u0131yla e\u011flendi\u011fimi ve engin bilgisinden istifade etti\u011fimi belirtmek isterim. \u015eair Sade&#8217;nin T\u00fcrk \u015fiirine bak\u0131\u015f\u0131n\u0131, hat\u0131ralar\u0131n\u0131 ve \u015fiir ele\u015ftirisinin g\u00fcncel durumunu konu\u015ftuk. Keyifli okumalar&#8230;<\/em><\/p>\n<p><img fetchpriority=\"high\" decoding=\"async\" class=\"wp-image-9561 alignleft\" src=\"http:\/\/kadrandergi.com.tr\/wp-content\/uploads\/2019\/10\/mustafa-sade-3-e1570301585920.jpeg\" alt=\"\" width=\"218\" height=\"302\" \/><strong><em>1. Merhaba Mustafa Bey! Okurlar\u0131n\u0131z ve sizi takip edenler i\u00e7in kim oldu\u011funuz malumdur. Ancak biz yine de soral\u0131m tan\u0131mak isteyenler i\u00e7in. Mustafa Sade kimdir?<\/em><\/strong><\/p>\n<p>\u00d6ncelikle s\u00f6yle\u015fi talebiniz i\u00e7in te\u015fekk\u00fcr ederim, \u015feref verdiniz.<\/p>\n<p>1973 y\u0131l\u0131nda Urfa\u2019da do\u011fdum. \u0130lkokuldan sonra rahmetli babam hayat mektebine \u00e7\u0131rak olarak verdi beni, h\u00e2len o mektepte emek d\/okumaktay\u0131m. Urfa\u2019da ya\u015f\u0131yorum, ticaretle u\u011fra\u015f\u0131yorum. Evli ve be\u015f \u00e7ocuk babas\u0131y\u0131m.<\/p>\n<p><strong><em>2. \u015eiir sizin i\u00e7in ne ifade ediyor?<\/em><\/strong><\/p>\n<p>\u015eiir, i\u00e7inde bulundu\u011funuz hayat\u0131n zemherisinden yeni bir bahara pencere a\u00e7makt\u0131r bana g\u00f6re. D\u00fcnya tela\u015fesinden s\u0131yr\u0131l\u0131p, kendinle ba\u015f ba\u015fa kald\u0131\u011f\u0131n \u00e2n. \u0130\u015fte o \u00e2n \u00f6yle g\u00fczel oluyor ki ya\u015fad\u0131\u011f\u0131n gezegen.<\/p>\n<p>Bast\u0131\u011f\u0131n topra\u011f\u0131n kokusunu, y\u00fcz\u00fcn\u00fc yalayan r\u00fczg\u00e2r\u0131 hissedersin. Kediler daha bir s\u0131rna\u015f\u0131r, \u00e7i\u00e7ekler daha fazla rayiha sunar o \u00e2nda. Tabi bazen tersi de olmuyor de\u011fil. Bazen bir bak\u0131\u015fta yolunu kaybeder, bazen bir g\u00fcl\u00fc\u015fte d\u00fcnyan\u0131 de\u011fi\u015firsin. Bir mazlum g\u00f6rd\u00fc\u011f\u00fcnde Z\u00fclfikar\u2019\u0131n sahibini arar g\u00f6zlerin, deli bir k\u00fcheylan\u0131n toynaklar\u0131 e\u015fer ba\u011fr\u0131n\u0131. Bir bebe\u011fin g\u00f6zya\u015f\u0131nda bo\u011fulur y\u00fcre\u011fin. Y\u0131ld\u0131zlar\u0131 yalpalat\u0131r kalbinin ritmi. Daha bir insan oldu\u011fu hat\u0131rlat\u0131r sana, seviyorum o \u00e2n\u0131.<\/p>\n<p><strong><em>\u00a03.\u00a0<\/em><\/strong><strong><em>\u0130lk \u015fiirinizi ne zaman ve kime yazd\u0131\u011f\u0131n\u0131z\u0131 hat\u0131rl\u0131yor musunuz?<\/em><\/strong><\/p>\n<p>Tarih olarak tam hat\u0131rlam\u0131yorum, on be\u015f ya\u015flar\u0131nda faland\u0131m herhalde ilk \u015fiiri yazd\u0131\u011f\u0131mda. Ne yazd\u0131m onu da bilmiyorum. \u00c7o\u011fu \u015fairin yapt\u0131\u011f\u0131 gibi \u201chaml\u0131k d\u00f6nemi\u201d \u015fiirlerimi y\u0131rtt\u0131m.<\/p>\n<p><strong><em>4. Gen\u00e7ken ya da \u00e7ocukken yapmaya planlad\u0131\u011f\u0131n\u0131z meslek ile \u015fu an yapt\u0131\u011f\u0131n\u0131z meslek aras\u0131nda bir paralellik var m\u0131?<\/em><\/strong><\/p>\n<p>Genel olarak bakt\u0131\u011f\u0131m zaman, evet. Hep ticaret kafas\u0131 var bende. Bir\u00e7ok i\u015f, yat\u0131r\u0131m yapt\u0131m. Baz\u0131s\u0131nda ba\u015far\u0131l\u0131 oldum, baz\u0131s\u0131nda olamad\u0131m. Bu da normal bir \u015feydir, insan her zaman ba\u015far\u0131l\u0131 olacak diye bir kaide yok. B\u00fcy\u00fck mebla\u011fda zararlar\u0131m da oldu. Ama emin oldu\u011fum tek \u015fey, hangi i\u015fi yapt\u0131msa hakk\u0131n\u0131 vererek yapt\u0131m. Olmad\u0131\u011f\u0131 zamanlarda nasip dedim, yeni aray\u0131\u015flar i\u00e7ine girdim. Hi\u00e7bir zaman isyan etmedim, hayata k\u00fcsmedim. Hamdolsun Rabbim de her zaman yeni kap\u0131lar a\u00e7t\u0131. Bug\u00fcn de Ulusal bir su markas\u0131n\u0131n \u015eanl\u0131urfa bayisi olarak ekmek teknemi suda y\u00fczd\u00fcrmeye \u00e7al\u0131\u015f\u0131yorum.<\/p>\n<p><strong><em>Tekrar \u015fiire d\u00f6necek olursak T\u00fcrk \u015fiirinin g\u00fcn\u00fcm\u00fczdeki konumunu -ge\u00e7mi\u015fle k\u0131yaslarsak- nas\u0131l de\u011ferlendiriyorsunuz?<\/em><\/strong><\/p>\n<p>Asl\u0131nda g\u00fcn\u00fcm\u00fczde \u00e7ok \u00e7ok iyi kalemler var, lakin bunun yan\u0131nda \u201csosyal medya \u015fairi\u201d diye nitelendirdi\u011fimiz isimler \u00e7ok fazla ve \u00fcz\u00fclerek s\u00f6ylemeliyim ki kendini \u015fair diye s\u0131n\u0131fland\u0131ran bu insanlar, ger\u00e7ek \u015fairlerden daha \u00e7ok \u00f6n planda ve daha fazla pop\u00fcler. G\u00fcn\u00fcm\u00fczde \u015fiir yazan \u00e7ok, herkes \u015fair (iyilerini tenzih ederim) ama \u015fiir okuyan yok. Bir zamanlar \u015fiir sitelerine \u00fcye oldum. Halen \u00fcyeli\u011fim devam ediyor ama \u015fiir asm\u0131yorum. Nedeni: Adam gelip \u015fiirime yorum yap\u0131yor (kal\u0131pla\u015fm\u0131\u015f, kopyala yap\u0131\u015ft\u0131r yorumlar\u0131ndan) Nezaketen sayfas\u0131na gidiyorum, \u015fiirini okuyup yorum yapmak i\u00e7in. Ortada \u015fiir yok. Sa\u00e7ma sapan \u00fc\u00e7 be\u015f kelimeyi birle\u015ftirmi\u015f, \u015fiir olmu\u015f! Alt\u0131nda y\u00fczlerce yorum, \u201cg\u00f6nl\u00fcne sa\u011fl\u0131k, m\u00fckemmel, hayran kald\u0131m\u201d t\u00fcr\u00fcnden. Yorum yapm\u0131yorum tabi. Ben yorum yapmay\u0131nca bana da yorum yap\u0131lmamaya ba\u015flan\u0131yor. Al g\u00fcl\u00fcm, ver g\u00fcl\u00fcm hesab\u0131. \u0130yi \u015fairlerin sayfas\u0131na gidiyorum, \u00fc\u00e7-be\u015f yorum. Kimse \u015fiir okumuyor. O yorumu \u00e7ok alanlar da \u00e7ok yorum yap\u0131yor diye al\u0131yor. Kimse \u015fiiri bilmiyor. \u00d6zellikle ne oldu\u011funu halen \u00e7\u00f6zemedi\u011fim \u201cimge\u201d ad\u0131 alt\u0131nda yaz\u0131lanlar\u0131 hayretle okuyorum. T\u00fcrk \u015fiirinin bekas\u0131 i\u00e7in, g\u00fcn\u00fcm\u00fczdeki Necip Faz\u0131l\u2019lar\u0131n, Abdurrahim Karako\u00e7\u2019lar\u0131n, Faruk Nafiz\u2019lerin M. Akif \u0130nan\u2019lar\u0131n \u00f6n plana \u00e7\u0131kmas\u0131n\u0131 ve de\u011ferlerinin bilinmesini temenni ediyorum.<\/p>\n<p><img decoding=\"async\" class=\"wp-image-9560 alignright\" src=\"http:\/\/kadrandergi.com.tr\/wp-content\/uploads\/2019\/10\/mustafa-sade-2.jpeg\" alt=\"\" width=\"238\" height=\"337\" \/><strong><em>6. Ad\u0131n\u0131z\u0131 s\u0131k s\u0131k \u015fiir yar\u0131\u015fmalar\u0131 derecelerinde g\u00f6r\u00fcr olduk. Sizce bu t\u00fcr yar\u0131\u015fmalar\u0131n \u015fiirin geli\u015fimi ve \u015fairin tan\u0131n\u0131rl\u0131\u011f\u0131 a\u00e7\u0131s\u0131ndan olumlu-olumsuz yanlar\u0131 var m\u0131d\u0131r?<\/em><\/strong><\/p>\n<p>\u201c\u015eiirin geli\u015fimi\u201d sorunuza cevab\u0131m: Mutlaka oluyordur. Zaten yar\u0131\u015fmalar\u0131n genel amac\u0131 budur diye d\u00fc\u015f\u00fcn\u00fcyorum. \u201c\u015eairin tan\u0131n\u0131rl\u0131\u011f\u0131\u201d sorunuza da kendim ya\u015fad\u0131\u011f\u0131m bir olayla cevap vereyim.<\/p>\n<p>Otuz k\u00fcsur y\u0131ld\u0131r \u015fiir yazmaya \u00e7al\u0131\u015f\u0131yorum. Yar\u0131\u015fmalara kat\u0131lmay\u0131 hi\u00e7 d\u00fc\u015f\u00fcnmezdim. 2016 y\u0131l\u0131nda bir \u015fair dostumun \u0131srar\u0131 \u00fczerine bir yar\u0131\u015fmaya kat\u0131ld\u0131m. Zaten d\u00f6n\u00fcm noktam bu yar\u0131\u015fma oldu. Yar\u0131\u015fma bir Naat yar\u0131\u015fmas\u0131 ve \u00f6d\u00fcl olarak ilk \u00fc\u00e7e girene Umre \u00f6d\u00fcl\u00fc var. Yar\u0131\u015fma sonu\u00e7lar\u0131 a\u00e7\u0131kland\u0131\u011f\u0131nda d\u00f6rd\u00fcnc\u00fc oldu\u011fumu \u00f6\u011frendim. \u0130lk \u00fc\u00e7e girenler de tan\u0131d\u0131\u011f\u0131m ve sevdi\u011fim ki\u015filer. Yar\u0131\u015fmada birinci olan arkada\u015f\u0131m\u0131n sonradan \u00f6\u011frenip bana aktard\u0131\u011f\u0131 aynen bu: Asl\u0131nda ben yar\u0131\u015fmada \u00fc\u00e7\u00fcnc\u00fc olmu\u015fum ve benimle beraber ayn\u0131 puan\u0131 alan bir ba\u015fka isim var. O isim yar\u0131\u015fmalarda tan\u0131nm\u0131\u015f olmas\u0131 ve benim ismimim duyulmam\u0131\u015f olmas\u0131 dolay\u0131s\u0131yla benden be\u015f puan k\u0131r\u0131p d\u00f6rd\u00fcnc\u00fc etmi\u015fler.\u00a0 \u0130\u015fin i\u00e7inde Umre \u00f6d\u00fcl\u00fcn\u00fc oldu\u011fu ve bu \u00f6d\u00fcl\u00fc ka\u00e7\u0131rd\u0131\u011f\u0131m i\u00e7in \u00fcz\u00fcld\u00fcm a\u00e7\u0131k\u00e7as\u0131. Bu olay beni fazlas\u0131yla h\u0131rsland\u0131rd\u0131. \u201c\u0130sim duyurmak i\u00e7in yar\u0131\u015fmalara kat\u0131lmam gerekiyormu\u015f\u201d dedim. 2017 ve 2018 y\u0131llar\u0131nda otuz k\u00fcsur yar\u0131\u015fmaya kat\u0131ld\u0131m bunlar\u0131n yirmi d\u00f6rd\u00fcnden \u00f6d\u00fclle d\u00f6nd\u00fcm. Hatta bir tanesi de Umre \u00f6d\u00fcll\u00fcyd\u00fc. Kutsal topraklara gitmek de nasip oldu. Bu y\u0131l fazla kat\u0131lmad\u0131m, daha se\u00e7ici olmaya gayret ediyorum. Bu y\u0131l da \u00fc\u00e7 \u00f6d\u00fcl ald\u0131m.<\/p>\n<p><strong><em>\u00a07.\u00a0<\/em><\/strong><strong><em>\u015eiirlerinizde kulland\u0131\u011f\u0131n\u0131z \u00f6l\u00e7\u00fcden hareketle hece \u00f6l\u00e7\u00fcs\u00fcn\u00fcn \u015faire sa\u011flad\u0131\u011f\u0131 kolayl\u0131klar var m\u0131? Zaman\u0131nda s\u00f6ylenen &#8220;parmak hesab\u0131&#8221; tabiri sizce do\u011fru mu?<\/em><\/strong><\/p>\n<p>\u015eiirin bir ritmi, bir ahengi olmal\u0131. \u00c7\u00fcnk\u00fc \u015fiir bir \u00f6l\u00e7\u00fc i\u015fidir. &#8220;Parmak hesab\u0131&#8221; tabiri, genelde serbest \u015fiir yazanlar\u0131n hece vezniyle yazanlar\u0131 k\u00fc\u00e7\u00fcmsemek ad\u0131na s\u00f6yledikleri bir c\u00fcmle. Asl\u0131nda serbest \u015fiirde de \u00f6l\u00e7\u00fc vard\u0131r. \u00c7\u00fcnk\u00fc serbest \u015fiir denmez \u201cSerbest vezin\u201d denir. \u201cVezin\u201d \u00f6l\u00e7\u00fc demektir. \u00d6l\u00e7\u00fcs\u00fcz \u015fiir olmaz, nesir olur.<\/p>\n<p><strong><em>8. Sosyal medyadan takip etti\u011fim kadar\u0131yla son y\u0131llarda Aruz \u00d6l\u00e7\u00fcs\u00fc bir hayli ilgi g\u00f6r\u00fcyor. Sizin de kulland\u0131\u011f\u0131n\u0131za \u015fahit olduk. Dergimizin a\u011fabeyi Halil Cengiz bu i\u015fin \u00fczerinde fazlas\u0131yla duruyor. Gen\u00e7 Kalemler&#8217;ce tarihe g\u00f6m\u00fclmeye \u00e7al\u0131\u015f\u0131lan Aruz \u00d6l\u00e7\u00fcs\u00fc neden ilgi g\u00f6r\u00fcyor?<\/em><\/strong><\/p>\n<p>Aruz veznini \u00e7ok seviyorum. Nas\u0131l ki divan edebiyat\u0131nda bir gazelin en g\u00fczel beytine \u201c\u015fah beyit\u201d deniliyorsa, \u015fiir t\u00fcrlerinin \u015fah beyti de Aruz\u2019dur diyebilirim. Halil Cengiz dostumdur, iyi bir \u015fair. Gen\u00e7 kalemlere Aruzu sevdirmeyi kendine misyon edinmi\u015f ve bu i\u015fi hakk\u0131yla yerine getiriyor. Elimizde Halil Cengiz gibi de\u011ferler oldu\u011fu m\u00fcddet\u00e7e Aruz ve edebiyat t\u00fcrlerine olan ilgi daha da artacakt\u0131r.<\/p>\n<p><strong><em>9. Aruz \u00f6l\u00e7\u00fcs\u00fcnden bahis a\u00e7\u0131lm\u0131\u015fken baz\u0131 \u015fairler aruz ve hece \u00f6l\u00e7\u00fclerine ayn\u0131 anda tek \u015fiire uygulayabiliyor. A\u00e7\u0131k\u00e7as\u0131 bu \u00fcst\u00fcn yetenek kar\u015f\u0131s\u0131nda b\u00fcy\u00fclenmemek elde de\u011fil. Size g\u00f6re bu durum s\u0131radan m\u0131?<\/em><\/strong><\/p>\n<p>Bu sorunuzla aruz bilmedi\u011finizi de a\u015fik\u00e2r ettiniz. (<em>G\u00fcl\u00fcyor) <\/em>\u00a0\u00c7ok basit asl\u0131nda.<\/p>\n<p>\u00d6rne\u011fin; \u00a0\u2014 \u2014 \u2022 \/ \u2022 \u2014 \u2014 \u2022 \/ \u2022 \u2014 \u2014 \u2022 \/ \u2022 \u2014 \u2014 \u00a0kal\u0131b\u0131n\u0131 ortadan b\u00f6ld\u00fc\u011f\u00fcn\u00fczde 7+7 = 14 heceli \u015fiir ortaya \u00e7\u0131kar. \u00a0B\u00fct\u00fcn d\u00f6rtl\u00fckleri bu kal\u0131ba g\u00f6re yazd\u0131\u011f\u0131n\u0131z zaman hem hece hem aruz \u015fiiri meydana gelir.<\/p>\n<p><strong><em>10. Peki, benim gibi aruzu kullanmay\u0131 beceremeyenler i\u00e7in bir tavsiyeniz olacak m\u0131? \ud83d\ude42<\/em><\/strong><\/p>\n<p>En yak\u0131n zamanda Halil Cengiz\u2019e m\u00fcracaat etmen gerekiyor. (<em>G\u00fcl\u00fcyor)<\/em><\/p>\n<p><strong><em>\u00a011.\u00a0<\/em><\/strong><strong><em>Sevdi\u011finiz \u015fairleri s\u00f6ylemenizi istesek?<\/em><\/strong><\/p>\n<p>Genelde t\u00fcm \u015fairleri severek okumu\u015fumdur, ilk akl\u0131ma gelenler: Necip Faz\u0131l, Yahya Kemal, Abd\u00fcrrahim Karako\u00e7, M. Akif \u0130nan, \u015eair Nabi\u2026<\/p>\n<p><strong><em>12. Son sorulara yava\u015f yava\u015f ge\u00e7elim. Mustafa Sade&#8217;nin yay\u0131mlanm\u0131\u015f ya da yay\u0131mlanacak kitaplar\u0131 var m\u0131?<\/em><\/strong><\/p>\n<p>2013 Y\u0131l\u0131nda \u201cBeklenen \u015eafak\u201d isimli \u015fiir kitab\u0131m\u0131 \u00e7\u0131kard\u0131m. Yukar\u0131da da belirtti\u011fim gibi maalesef ki \u015fiir okunmuyor. Hem bu nedenle hem de kitab\u0131m\u0131 \u00e7\u0131kard\u0131\u011f\u0131m yay\u0131neviyle ya\u015fad\u0131\u011f\u0131m sorunlardan dolay\u0131 bir kitap daha \u00e7\u0131karmay\u0131 g\u00f6ze alamad\u0131m. Bakal\u0131m nasip, belki ikinci kitab\u0131 \u00e7\u0131kar\u0131r\u0131z.<\/p>\n<p><strong><em>13. Ke\u015fke d\u00f6neminde ya\u015fasayd\u0131m dedi\u011finiz ya da mektupla\u015fma imk\u00e2n\u0131 olsayd\u0131 hangi \u015fairle mektupla\u015fmak isterdiniz?<\/em><\/strong><\/p>\n<p>Kesinlikle Necip Faz\u0131l.<\/p>\n<p><strong><em>14. Evet, son sorumuzu sorarak r\u00f6portaj\u0131 noktalayal\u0131m. \u015eiirle yeni yeni tan\u0131\u015fan, sesini, yolunu bulmaya \u00e7al\u0131\u015fan gen\u00e7 \u015fairlere tavsiyeleriniz olacak m\u0131?<\/em><\/strong><\/p>\n<p>Kesinlikle \u00e7ok okumal\u0131, \u00e7ok ara\u015ft\u0131r\u0131lmal\u0131. \u00d6zellikle \u015funu belirtmek isterim ki; geni\u015f kitlelere ula\u015fmada sosyal medya g\u00fc\u00e7l\u00fc bir vas\u0131ta. Lakin sosyal medyada havada u\u00e7u\u015fan \u201c\u00dcstatlar, Hocamlar\u201d s\u00f6zlerine aldan\u0131p ben \u201coldum\u201d demesinler.Ele\u015ftiriye s\u00fcrekli a\u00e7\u0131k olsunlar. Yine kendim ya\u015fad\u0131\u011f\u0131m bir olay\u0131 anlatay\u0131m size: Arada \u00f6zelden bana \u015fiir g\u00f6nderen karde\u015flerim oluyor. Zaman olarak \u00e7ok m\u00fcsait olmasam da \u015fiirleri okumaya, haddim olmayarak yorum yapmaya \u00e7al\u0131\u015f\u0131yorum. Yine bir g\u00fcn\u00a0 bir karde\u015fimiz birka\u00e7 \u015fiirini g\u00f6nderdi, \u201cHocam \u015fiirlerimi okuyup yorum yapar m\u0131s\u0131n\u0131z\u201d dedi. Ben de k\u0131rmamak ad\u0131na \u015fiirleri okuyup, \u015fiirin duygu y\u00f6n\u00fcne hi\u00e7 dokunmadan hece hatas\u0131 &amp; hatalar\u0131n\u0131 m\u00fcnasip bir dille yazd\u0131m. \u201cHece \u015fiirinde, eksik veya fazla hece a\u011f\u0131r kusurdur\u201d bunlara dikkat edilmesi konusunu anlatt\u0131m. Gen\u00e7 karde\u015fim bunlar\u0131 okuduktan sonra te\u015fekk\u00fcr edece\u011fi yerde beni engelledi. Muhtemelen, \u015fiirini g\u00f6nderdi\u011fi ki\u015filer ona \u201c\u00dcstad\u0131m harika\u201d gibi laflar sarf ediyordu, ben de ele\u015ftirince engeli yedim. Ben halen \u201cBenim hatam\u0131 s\u00f6yleyenden Allah raz\u0131 olsun\u201d derim. Yeni \u015fiir yazmaya ba\u015flad\u0131\u011f\u0131m y\u0131llarda \u201cke\u015fke iyi bir \u015fairle tan\u0131\u015fsam, \u015fiirleri g\u00f6stersem\u201d diye can atard\u0131m. Ama \u00e7evremde \u015fiirle me\u015fgul olan kimseler yoktu, tabi b\u00f6yle sosyal a\u011flar da yoktu. \u015eimdi kimsenin \u015fiirine yorum yapmamaya gayret ediyorum, zaten yo\u011fun bir tempoda \u00e7al\u0131\u015f\u0131yorum.<\/p>\n<p><strong><em>15. Mustafa Bey, \u00e7ok te\u015fekk\u00fcr ederiz. Bizi k\u0131rmad\u0131n\u0131z, mek\u00e2n\u0131n\u0131zda a\u011f\u0131rlad\u0131n\u0131z. Kadran Dergi ailesi ve okurlar\u0131 ad\u0131na size te\u015fekk\u00fcr ederiz<\/em><\/strong>.<\/p>\n<p>Ben te\u015fekk\u00fcr ederim, onur duydum. Kadran Dergi ailesine ve okurlar\u0131na selam ediyor, sayg\u0131lar\u0131m\u0131 sunuyorum.<\/p>\n<p>&nbsp;<\/p>\n<p>&nbsp;<\/p>\n<p>&nbsp;<\/p>\n","protected":false},"excerpt":{"rendered":"<p>\u201cSuya Kalem \u00c7alan \u015eair\u201d Merhaba de\u011ferli&#8230;<\/p>\n","protected":false},"author":94,"featured_media":9562,"comment_status":"open","ping_status":"open","sticky":false,"template":"","format":"standard","meta":{"footnotes":""},"categories":[53,59],"tags":[],"_links":{"self":[{"href":"https:\/\/www.kadrandergi.com.tr\/index.php?rest_route=\/wp\/v2\/posts\/9559"}],"collection":[{"href":"https:\/\/www.kadrandergi.com.tr\/index.php?rest_route=\/wp\/v2\/posts"}],"about":[{"href":"https:\/\/www.kadrandergi.com.tr\/index.php?rest_route=\/wp\/v2\/types\/post"}],"author":[{"embeddable":true,"href":"https:\/\/www.kadrandergi.com.tr\/index.php?rest_route=\/wp\/v2\/users\/94"}],"replies":[{"embeddable":true,"href":"https:\/\/www.kadrandergi.com.tr\/index.php?rest_route=%2Fwp%2Fv2%2Fcomments&post=9559"}],"version-history":[{"count":0,"href":"https:\/\/www.kadrandergi.com.tr\/index.php?rest_route=\/wp\/v2\/posts\/9559\/revisions"}],"wp:featuredmedia":[{"embeddable":true,"href":"https:\/\/www.kadrandergi.com.tr\/index.php?rest_route=\/"}],"wp:attachment":[{"href":"https:\/\/www.kadrandergi.com.tr\/index.php?rest_route=%2Fwp%2Fv2%2Fmedia&parent=9559"}],"wp:term":[{"taxonomy":"category","embeddable":true,"href":"https:\/\/www.kadrandergi.com.tr\/index.php?rest_route=%2Fwp%2Fv2%2Fcategories&post=9559"},{"taxonomy":"post_tag","embeddable":true,"href":"https:\/\/www.kadrandergi.com.tr\/index.php?rest_route=%2Fwp%2Fv2%2Ftags&post=9559"}],"curies":[{"name":"wp","href":"https:\/\/api.w.org\/{rel}","templated":true}]}}