{"id":8947,"date":"2018-07-01T23:11:38","date_gmt":"2018-07-01T20:11:38","guid":{"rendered":"http:\/\/kadrandergi.com.tr\/?p=8947"},"modified":"2018-07-01T23:11:38","modified_gmt":"2018-07-01T20:11:38","slug":"gokyuzune-hasret-bir-kucuk-yurek-anne-frank-1929-1945","status":"publish","type":"post","link":"https:\/\/www.kadrandergi.com.tr\/?p=8947","title":{"rendered":"G\u00f6ky\u00fcz\u00fcne Hasret Bir K\u00fc\u00e7\u00fck Y\u00fcrek\/ Anne Frank (1929-1945)"},"content":{"rendered":"<p>Hen\u00fcz on \u00fc\u00e7 ya\u015f\u0131nda iken kopar\u0131lm\u0131\u015ft\u0131; arkada\u015flar\u0131ndan, okuldan, sokaklardan, oyunlardan\u2026<br \/>\nHen\u00fcz on \u00fc\u00e7 ya\u015f\u0131nda iken unutmu\u015ftu; g\u00fcne\u015fi, ay\u0131, y\u0131ld\u0131zlar\u0131, g\u00f6ky\u00fcz\u00fcn\u00fc, maviyi\u2026<br \/>\nHen\u00fcz on \u00fc\u00e7 ya\u015f\u0131nda iken zorlanm\u0131\u015ft\u0131; bir \u00e7at\u0131 kat\u0131nda; korkarak, susarak ya\u015famaya.<br \/>\nEvet, o Anne Frank, on \u00fc\u00e7 ya\u015f\u0131nda \u0130kinci D\u00fcnya Sava\u015f\u0131\u2019n\u0131 g\u00f6ren ve ka\u00e7arak ya\u015fam m\u00fccadelesi veren Yahudi k\u0131z\u2026<\/p>\n<p>(Anne Frank\u2019in k\u0131sa ama zorlu hayat\u0131na bakacak olursak\u2026)<\/p>\n<p>12 Haziran 1929 y\u0131l\u0131nda Frankfurt\/Almanya\u2019da do\u011far, Holokost kurban\u0131 k\u00fc\u00e7\u00fck k\u0131z.<br \/>\n(Holokost: Nazilerin Yahudi katliamlar\u0131n\u0131 adland\u0131rma \u015fekli.)<br \/>\nAnne Frank, be\u015f ya\u015f\u0131na kadar burada kalacakt\u0131r; baba Otto Frank, annesi Edith Frank ve ablas\u0131 Margot Frank ile beraber. Bir banker olan Otto Frank\u2019in i\u015fleri 1929 Ekonomik Buhran\u0131 itibariyle k\u00f6t\u00fc gitmektedir ve \u00e7areyi Hollanda\u2019ya gitmekte bulur, 1933 y\u0131l\u0131nda Frank ailesi Hollanda\u2019ya yerle\u015fir.<br \/>\nSebep buna biraz krizdir, \u00e7ok\u00e7a korkudur; Nazi Partisi\u2019nin iktidara gelmesinin korkusu\u2026<\/p>\n<p>Hollanda\u2019da ba\u015flar k\u00fc\u00e7\u00fck Anne, okula. Soka\u011fa ve arkada\u015fl\u0131\u011fa da burada al\u0131\u015f\u0131r fakat bu uzun s\u00fcrmez zira korkular\u0131 pe\u015flerini b\u0131rakmamaktad\u0131r\u2026 Naziler girdikleri her yerde oldu\u011fu gibi Hollanda\u2019y\u0131 da yak\u0131p, y\u0131kmaya ve burada bulunan b\u00fct\u00fcn Yahudileri di\u011fer Yahudiler gibi ya \u00f6l\u00fcm kamplar\u0131na yahut toplama kamplar\u0131na g\u00f6t\u00fcrmeye niyetlidir. 1942 y\u0131l\u0131nda Naziler Hollanda\u2019y\u0131 i\u015fgal ederler, Frank ailesi ise di\u011fer Yahudi bir aile ile beraber (Vann Dann ailesi) aile dostlar\u0131n\u0131n ofisinin \u2018gizli \u00e7at\u0131 kat\u0131nda\u2019 ya\u015famaya ba\u015flar. Anne buraya \u2018Gizli Oda\u2019 ismini verecektir.<br \/>\n\u0130\u015fte bu \u00e7at\u0131 kat\u0131d\u0131r, bizleri Anne Frank\u2019a y\u00f6nelten; orada ya\u015fad\u0131klar\u0131d\u0131r, yazd\u0131klar\u0131d\u0131r.<br \/>\nAnne Frank burada hat\u0131ra defteri gibi bir nevi g\u00fcnl\u00fck tutacakt\u0131r ve o g\u00fcnl\u00fc\u011f\u00fc onun tarihleri a\u015fmas\u0131na vesile olacakt\u0131r\u2026 Gizli Oda denilen yerde ba\u015flayacakt\u0131r Anne\u2019nin tutsakl\u0131\u011f\u0131, karamsarl\u0131\u011f\u0131, \u00fcmitsizli\u011fi, hasreti, bekleme \u00fcmidi&#8230;<br \/>\nHayata yeni ba\u015flayan, onu yeni \u00f6\u011frenen bir gen\u00e7 k\u0131z ve tutsakl\u0131k; ne de birbirine tezat kavramlar ama&#8230; Tepesinde mavi g\u00f6\u011f\u00fc ve g\u00fcne\u015fi g\u00f6rememek, onu teninde hissedememek onun ruhuna g\u00f6re de\u011fildir \u00e7\u00fcnk\u00fc o reng\u00e2renk ve hayat dolu bir ki\u015fili\u011fe sahip gen\u00e7 bir k\u0131zd\u0131r. \u0130lk ergenlik y\u0131llar\u0131n\u0131 burada kar\u015f\u0131layacak olan Anne Frank, ne annesi ne ablas\u0131 ne de di\u011fer ailenin fertleri ile \u00e7ok anla\u015fabilecek; onun dilini, ruhunu anlayacak sadece iki ki\u015fi vard\u0131r biri babas\u0131 Otto Frank di\u011feri de hemen hemen ya\u015f\u0131t\u0131 say\u0131lan Vann Dann\u2019lar\u0131n o\u011flu Peter\u2019dir.<br \/>\nAnne Frank oradakilerin g\u00f6z\u00fcnde hala \u015f\u0131mar\u0131k k\u00fc\u00e7\u00fck bir k\u0131zd\u0131r ve asla b\u00fcy\u00fcmeyecektir ama Anne ve y\u00fcre\u011fi her daim sessiz \u00e7\u0131\u011fl\u0131klar atacakt\u0131r \u2018Ben b\u00fcy\u00fcd\u00fcm!\u2019 diye fakat nafile, pek duyulmayacakt\u0131r. D\u0131\u015far\u0131dan, g\u00fcne\u015ften, r\u00fczg\u00e2rdan, so\u011fuktan ve dahi d\u0131\u015far\u0131da olan insanlar\u0131n ya\u015fad\u0131\u011f\u0131 her \u015feyden mahrum olan bu ailelerin tek tesellisi radyoda dinledikleri, sava\u015f\u0131n sonunun yakla\u015ft\u0131\u011f\u0131na dair yalan ya da do\u011fru haberler ve i\u00e7lerinde do\u011fan umuttur.<br \/>\nAnne, gen\u00e7 k\u0131z olma yolundad\u0131r ve kendini \u00f6yle g\u00f6rd\u00fc\u011f\u00fc andan itibaren Peter ile aralar\u0131nda biraz bilmezcesine, biraz \u00e7ocuk\u00e7as\u0131na, biraz da korkarcas\u0131na bir m\u00fcnasebet ba\u015flayacakt\u0131r. Bu hapis hayat\u0131nda birbirilerini dinleyecek, tan\u0131maya ba\u015flayacak, birbirlerine destek olmaya ba\u015flayacak ve \u2018\u2019bir g\u00fcn kurtulursak\u2026\u2019\u2019 diye ba\u015flayan hayaller kuracaklard\u0131r\u2026<\/p>\n<p><strong>\u00a0\u2018\u2019Gizli Oda\u2019\u2019<\/strong> Anne\u2019nin yeni okulu olacakt\u0131r. Buras\u0131d\u0131r, onu g\u00fczelliklerden al\u0131koyan; buras\u0131d\u0131r, onu arkada\u015fl\u0131ktan koparan; onu \u00fcmitsiz b\u0131rakan da buras\u0131d\u0131r ama yine de onun ilk gen\u00e7li\u011fine \u015fahit olan, ona ilk a\u015fk heyecan\u0131n\u0131 tatt\u0131ran, beklemeyi \u00f6\u011freten; onu kurtulma umudu ile bekleten yer de yine buras\u0131d\u0131r&#8230;<\/p>\n<p>Sava\u015f\u0131n bitmesine kalan s\u00fcre iki ayd\u0131, tutsak ya\u015fayanlar\u0131n kurtulma \u00fcmidinin ger\u00e7ekle\u015fmesine kalan s\u00fcre iki ayd\u0131r lakin ihbar edilecek ve <strong>Gestapo<\/strong> taraf\u0131ndan yakalanacaklard\u0131r\u2026<br \/>\n(Gestapo: Alman gizli siyasal polis \u00f6rg\u00fct\u00fc.) \u0130\u00e7lerinde ya\u015fatt\u0131klar\u0131 son \u00fcmit de son bulacak ve Anne Frank, annesi ve ablas\u0131 kad\u0131nlar\u0131n bulundu\u011fu kampa, Otto Frank ise ba\u015fka bir kampa g\u00f6nderilecektir. Annelerini kampta kaybeden k\u0131z karde\u015fler, gen\u00e7lerin \u00e7al\u0131\u015ft\u0131r\u0131ld\u0131\u011f\u0131 bir kampa i\u015f\u00e7i olmak \u00fczere g\u00f6nderilirler ve ikisi de burada hayat\u0131n\u0131 kaybeder, \u00fcstelik \u0130ngilizlerin kamp\u0131 ele ge\u00e7irip da\u011f\u0131tmalar\u0131na yaln\u0131zca iki hafta kala\u2026<\/p>\n<p>\u201c<strong><em>So\u011fuktan ve a\u00e7l\u0131ktan titriyordu, ba\u015f\u0131 kabak gibi t\u0131ra\u015f edilmi\u015fti. V\u00fccudu da bir iskeletten farks\u0131zd\u0131. Tifodan ate\u015f gibi yanan Anne b\u00fct\u00fcn bunlara dayanamad\u0131 ve ablas\u0131ndan birka\u00e7 g\u00fcn sonra o da \u00f6ld\u00fc, cesetleri m\u00fc\u015fterek bir \u00e7ukura g\u00f6md\u00fcler\u2026\u201d<\/em><\/strong><\/p>\n<p><strong><em>\u00a0\u00a0\u00a0\u00a0 <\/em><\/strong>(Arkada\u015f\u0131n\u0131n g\u00f6zleriyle ve s\u00f6zleriyle k\u00fc\u00e7\u00fck Anne\u2019nin \u00f6l\u00fcm\u00fc)<\/p>\n<p>Frank ailesinden hayatta kalacak olan tek ki\u015fi baba Otto Frank olacakt\u0131r ve bir s\u00fcre k\u0131zlar\u0131n\u0131 bulma \u00fcmidi ile ko\u015facakt\u0131r her yere\u2026 Ama er ge\u00e7 duyacakt\u0131r baba Frank k\u0131zlar\u0131n\u0131n \u00f6l\u00fcm\u00fcn\u00fc. Otto Frank i\u00e7in tek teselli Anne\u2019nin bulunan g\u00fcnl\u00fc\u011f\u00fc olacakt\u0131r. Aile dostlar\u0131 Miep, Frank\u2019lerin yakalanmas\u0131ndan sonra Gizli Oda\u2019ya girmi\u015f ve bulmu\u015ftur defteri, sonunda Otto Frank\u2019e ula\u015ft\u0131rm\u0131\u015ft\u0131r. B\u00fcy\u00fck bask\u0131lara maruz kalmas\u0131 ve sava\u015f zamanlar\u0131na \u015fahit olmas\u0131 sebebiyle Anne Frank\u2019in \u2018Hat\u0131ra Defteri\u2019 babas\u0131n\u0131n da \u00e7abalar\u0131yla yay\u0131mlanm\u0131\u015ft\u0131r.<\/p>\n<p><strong>\u00a0\u00a0 \u00a0\u00a0Bir\u00e7ok \u015fair yahut yazar gibi savundu\u011fu bir dil ve edebiyat g\u00f6r\u00fc\u015f\u00fc yoktu, hatta onun \u00e7ok fazla eseri de olmad\u0131 \u00e7ocukken yazd\u0131\u011f\u0131 birka\u00e7 hik\u00e2yenin d\u0131\u015f\u0131nda ama edebi a\u00e7\u0131dan anlam kazanan duygu ve ac\u0131 dolu bir g\u00fcnl\u00fck, tarihi a\u00e7\u0131dan ise o d\u00f6neme dair bir belge b\u0131rakm\u0131\u015ft\u0131r k\u00fc\u00e7\u00fck Anne\u2026<\/strong><\/p>\n<p><strong>Anne Frank, bu k\u00fc\u00e7\u00fck k\u0131z g\u00fcnl\u00fc\u011f\u00fcne defalarca, \u00fcnl\u00fc bir yazar ve haber pe\u015finde ko\u015fan bir gazeteci olmak istedi\u011fini yazm\u0131\u015ft\u0131r\u2026 Belki de k\u00fc\u00e7\u00fck y\u00fcre\u011fi o kadar b\u00fcy\u00fcm\u00fc\u015ft\u00fc ki gelecek i\u00e7ine do\u011fuyordu.<\/strong><\/p>\n<p><strong><em>\u00a0\u00a0\u00a0Onun ya\u015fad\u0131klar\u0131, ya\u015fad\u0131klar\u0131n\u0131 anlatmaya \u00e7al\u0131\u015fmas\u0131d\u0131r onu \u00f6l\u00fcms\u00fcz k\u0131lan\u2026 <\/em><\/strong><\/p>\n","protected":false},"excerpt":{"rendered":"<p>Hen\u00fcz on \u00fc\u00e7 ya\u015f\u0131nda iken kopar\u0131lm\u0131\u015ft\u0131;&#8230;<\/p>\n","protected":false},"author":153,"featured_media":9005,"comment_status":"open","ping_status":"open","sticky":false,"template":"","format":"standard","meta":{"footnotes":""},"categories":[53,62],"tags":[],"_links":{"self":[{"href":"https:\/\/www.kadrandergi.com.tr\/index.php?rest_route=\/wp\/v2\/posts\/8947"}],"collection":[{"href":"https:\/\/www.kadrandergi.com.tr\/index.php?rest_route=\/wp\/v2\/posts"}],"about":[{"href":"https:\/\/www.kadrandergi.com.tr\/index.php?rest_route=\/wp\/v2\/types\/post"}],"author":[{"embeddable":true,"href":"https:\/\/www.kadrandergi.com.tr\/index.php?rest_route=\/wp\/v2\/users\/153"}],"replies":[{"embeddable":true,"href":"https:\/\/www.kadrandergi.com.tr\/index.php?rest_route=%2Fwp%2Fv2%2Fcomments&post=8947"}],"version-history":[{"count":0,"href":"https:\/\/www.kadrandergi.com.tr\/index.php?rest_route=\/wp\/v2\/posts\/8947\/revisions"}],"wp:featuredmedia":[{"embeddable":true,"href":"https:\/\/www.kadrandergi.com.tr\/index.php?rest_route=\/"}],"wp:attachment":[{"href":"https:\/\/www.kadrandergi.com.tr\/index.php?rest_route=%2Fwp%2Fv2%2Fmedia&parent=8947"}],"wp:term":[{"taxonomy":"category","embeddable":true,"href":"https:\/\/www.kadrandergi.com.tr\/index.php?rest_route=%2Fwp%2Fv2%2Fcategories&post=8947"},{"taxonomy":"post_tag","embeddable":true,"href":"https:\/\/www.kadrandergi.com.tr\/index.php?rest_route=%2Fwp%2Fv2%2Ftags&post=8947"}],"curies":[{"name":"wp","href":"https:\/\/api.w.org\/{rel}","templated":true}]}}