{"id":8872,"date":"2018-06-01T00:55:55","date_gmt":"2018-05-31T21:55:55","guid":{"rendered":"http:\/\/kadrandergi.com.tr\/?p=8872"},"modified":"2018-06-01T00:55:55","modified_gmt":"2018-05-31T21:55:55","slug":"angut-mahmut","status":"publish","type":"post","link":"https:\/\/www.kadrandergi.com.tr\/?p=8872","title":{"rendered":"Angut Mahmut"},"content":{"rendered":"<p>Ben de biliyorum karde\u015fim senin bildiklerini ve belki daha da fazlas\u0131n\u0131. Basitli\u011fi, herkesin yapabildi\u011fini yapabilmeyi ben de biliyorum. Derinlemesine d\u00fc\u015f\u00fcnmeden y\u00fczeyselli\u011fi, pop\u00fcler kurgulara ve konulara y\u00f6nelmeyi&#8230;<\/p>\n<p>Ben de biliyorum karde\u015fim, &#8216;al&#8217; la &#8216;g\u00fcl&#8217; le kafiye yapmay\u0131, 100 kelimeyle \u015fiir yazmay\u0131, hecede ko\u015fmadan, aruzda gazelden \u015fa\u015fmamay\u0131, 6 ile be\u015fi toplay\u0131p ve hatta alt\u0131da durup be\u015fe se\u011firtmeyi, bunu yaparken de sadece b\u00fct\u00fcnl\u00fc\u011f\u00fcn bozulmamas\u0131n\u0131 \u00f6nemsemeyi, daha sonra da bir mahlas yumurtlay\u0131p bayburd\u00ee, \u015eemmam\u00ee, hayvan\u00ee falan diye \u00fcnvanl\u0131 \u015f\u00f6valyecilik sahtek\u00e2rl\u0131\u011f\u0131n\u0131 ben de biliyorum&#8230;<\/p>\n<p>Ben de biliyorum imgelerle bo\u011fmay\u0131 metni. Mazmunlar\u0131n papa\u011fanl\u0131\u011f\u0131n\u0131 yapmay\u0131. (Bilmeyenler i\u00e7in s\u00f6yleyeyim, mazmun hece veya aruz \u015fiirinde kal\u0131pla\u015fm\u0131\u015f s\u00f6z \u00f6bekleridir.)<br \/>\nY\u00e2rin ka\u015f\u0131n\u0131 hilale, kirpi\u011fini oka, y\u00fcz\u00fcn\u00fc aya, di\u011fer organlar\u0131n\u0131 bilumum meyvaya benzetmeyi bilmeyecek ne var? Ben de biliyorum oturma organ\u0131ndan kelime ve tasvir \u00fcretmeyi. \u0130\u015fkembeden sallamay\u0131. Kafadan atmay\u0131. Ne yani sadece size mi has kolay yolun keyifli yolcu\u011fu? Hi\u00e7 yani!<\/p>\n<p>Ben de biliyorum karde\u015fim, inanmad\u0131\u011f\u0131n \u015feyleri, ya\u015famad\u0131\u011f\u0131n \u015feyleri yazmay\u0131. S\u00f6zde, t\u00fcm d\u00fcnyay\u0131 kurtaracak partilerinize, ideolojilerinize, kliklerinize yaranmay\u0131. Para i\u00e7in, mevki i\u00e7in bir s\u00fcr\u00fc bi halta yaramayacak melanet i\u00e7in kalemimi, karakterimi, onurumu satmay\u0131, beynimi kiraya, dostumu icraya vermeyi ben de bilirim! T\u00f6vbe esta\u011ffirullah, \u015f\u00f6yle bir d\u00fc\u015f\u00fcnd\u00fcm de tamam, hakl\u0131s\u0131n\u0131z, bunu pek bilmiyorum&#8230;<\/p>\n<p>Ben de bilirim emeksizli\u011fi yahu, tembellik evrensel de\u011fil mi? Okuyucunun birka\u00e7 dakikada \u00f6\u011f\u00fct\u00fcp ge\u011firdi\u011fi bir \u015fiir i\u00e7in, bir bu\u00e7uk ay kafa patlatmaya, fikir \u00e7ilesinde azap \u00e7ekmeye ne gerek var? Ne gerek var, binlerce kitap okumaya, akademik makaleleri, tezleri didik didik etmeye ne gerek var? Al\u0131rs\u0131n eline zavall\u0131 kalemini, \u00f6n\u00fcne her gelene d\u00f6\u015fersin g\u00fczellemeni, oh mis! Bu falanca lider, yaz gitsin. Bu falanca \u015fehir, yaz gitsin. Bu falanca g\u00fcn, yaz gitsin. Bu falanca \u00f6k\u00fcz&#8230;<\/p>\n<p>Ben de bilirim, k\u00f6\u015fe ba\u015flar\u0131n\u0131 tutmay\u0131, \u00e7ok mu zor! \u00dc\u00e7 be\u015f yalaka tav\u0131r, \u00fc\u00e7 be\u015f sahte iltifat. \u00dcst\u00fcnde olana yaltaklanma, alt\u0131nda olan\u0131 pataklama, bol riya, bol karaktersizlik. Ben de bilirim, facebookta \u00f6n\u00fcme geleni azarlamay\u0131. C\u0131v\u0131k \u015f\u0131mar\u0131kl\u0131klarla soytar\u0131l\u0131k yapmay\u0131. K\u00fc\u00e7\u00fck da\u011flar\u0131 ben yaratt\u0131m havas\u0131yla kas\u0131m kas\u0131m kas\u0131lmay\u0131, \u00e7al\u0131m \u00e7al\u0131m edalanmay\u0131. \u0130nsanl\u0131ktan \u00e7\u0131kmay\u0131 bilmek, zaten her insan\u0131n bildi\u011fi bir hayvanl\u0131k de\u011fil mi?<\/p>\n<p>Ben de biliyorum karde\u015fim v\u00fccudun alt katmanlar\u0131n\u0131. \u015eehvetin, bohemin pe\u015finde ko\u015fmay\u0131, b\u00f6ylece farkl\u0131 g\u00f6r\u00fcnmeyi. K\u00fcfretmeyi, bel alt\u0131 aforizmalar \u00fcretmeyi, onun bunun namusunu diline dolamay\u0131, k\u0131sacas\u0131 bu sanal \u00e2lemin de edebiyat mahfillerinin de anas\u0131n\u0131 a\u011flatmay\u0131, ben de bilirim.<\/p>\n<p>Ama t\u00fcm bunlar\u0131 yapt\u0131ktan sonra, nas\u0131l ya\u015fan\u0131r, nas\u0131l uyunur, nas\u0131l insan kal\u0131n\u0131r, i\u015fte onu bilmiyorum&#8230;<\/p>\n<p>Sen biliyon mu Mahmut? Angut Mahmut?<\/p>\n","protected":false},"excerpt":{"rendered":"<p>Ben de biliyorum karde\u015fim senin bildiklerini&#8230;<\/p>\n","protected":false},"author":2,"featured_media":8874,"comment_status":"open","ping_status":"open","sticky":false,"template":"","format":"standard","meta":{"footnotes":""},"categories":[67,53],"tags":[],"_links":{"self":[{"href":"https:\/\/www.kadrandergi.com.tr\/index.php?rest_route=\/wp\/v2\/posts\/8872"}],"collection":[{"href":"https:\/\/www.kadrandergi.com.tr\/index.php?rest_route=\/wp\/v2\/posts"}],"about":[{"href":"https:\/\/www.kadrandergi.com.tr\/index.php?rest_route=\/wp\/v2\/types\/post"}],"author":[{"embeddable":true,"href":"https:\/\/www.kadrandergi.com.tr\/index.php?rest_route=\/wp\/v2\/users\/2"}],"replies":[{"embeddable":true,"href":"https:\/\/www.kadrandergi.com.tr\/index.php?rest_route=%2Fwp%2Fv2%2Fcomments&post=8872"}],"version-history":[{"count":0,"href":"https:\/\/www.kadrandergi.com.tr\/index.php?rest_route=\/wp\/v2\/posts\/8872\/revisions"}],"wp:featuredmedia":[{"embeddable":true,"href":"https:\/\/www.kadrandergi.com.tr\/index.php?rest_route=\/"}],"wp:attachment":[{"href":"https:\/\/www.kadrandergi.com.tr\/index.php?rest_route=%2Fwp%2Fv2%2Fmedia&parent=8872"}],"wp:term":[{"taxonomy":"category","embeddable":true,"href":"https:\/\/www.kadrandergi.com.tr\/index.php?rest_route=%2Fwp%2Fv2%2Fcategories&post=8872"},{"taxonomy":"post_tag","embeddable":true,"href":"https:\/\/www.kadrandergi.com.tr\/index.php?rest_route=%2Fwp%2Fv2%2Ftags&post=8872"}],"curies":[{"name":"wp","href":"https:\/\/api.w.org\/{rel}","templated":true}]}}