{"id":8256,"date":"2017-07-01T12:18:11","date_gmt":"2017-07-01T09:18:11","guid":{"rendered":"http:\/\/kadrandergi.com.tr\/?p=8256"},"modified":"2017-07-01T12:18:11","modified_gmt":"2017-07-01T09:18:11","slug":"press-karakoy","status":"publish","type":"post","link":"https:\/\/www.kadrandergi.com.tr\/?p=8256","title":{"rendered":"PRESS KARAK\u00d6Y"},"content":{"rendered":"<p><strong>PRESS KARAK\u00d6Y<\/strong><\/p>\n<p>Mola verilecek g\u00fczel duraklar bulmaya, derin bir nefes al\u0131p soluklanmaya\u00a0 devam ediyoruz. \u0130stanbul\u2019da ruhunu neresi yans\u0131t\u0131r, seni en iyi neresi anlat\u0131r deseler Karak\u00f6y derdim. Karak\u00f6y hep bana, Emin\u00f6n\u00fc\u2019n\u00fcn m\u00fctevazi, sakin havas\u0131ndan kopup kendi ruhunu yans\u0131tmaya \u00e7al\u0131\u015fan bir yer gibi gelir. Duygular\u0131n\u0131 biraz asi, hoyrat ya\u015fayan insanlar gibi. \u0130stanbul\u2019un, serseri rununun yan\u0131 s\u0131ra sanata, g\u00f6rselli\u011fe, eme\u011fe, insana de\u011fer veren bir yan\u0131n\u0131 da g\u00f6sterir Karak\u00f6y.<\/p>\n<p><img decoding=\"async\" class=\"wp-image-5779 alignleft\" src=\"http:\/\/127.154.2.23\/kadrandergi\/wp-content\/uploads\/2017\/07\/press.jpg\" alt=\"\" width=\"210\" height=\"210\" \/>Minik minik kafelerinin, rengarenk duvarlar\u0131n\u0131n, kahve kokusunun eksik olmad\u0131\u011f\u0131 sokaklar\u0131n\u0131n aras\u0131nda benim gitmekten \u00e7ok keyif ald\u0131\u011f\u0131m Press Karak\u00f6y\u2019den bahsedece\u011fim. Tatl\u0131 ve kahveye olan d\u00fc\u015fk\u00fcnl\u00fc\u011f\u00fcmden bunlar\u0131 en kaliteli, en keyifli nerede yiyip i\u00e7ebilirim diye aray\u0131\u015fa d\u00fc\u015ft\u00fc\u011f\u00fcm g\u00fcnlerden bir g\u00fcn Press\u2019in a\u00e7\u0131l\u0131\u015f\u0131yla ilgili bir yaz\u0131 okumu\u015ftum. \u0130nternetten men\u00fcs\u00fcne bakt\u0131\u011f\u0131mda da kesin gitmeliyim dedim. \u00c7\u00fcnk\u00fc her yerde olan klasik tatl\u0131lardan ziyade ilgin\u00e7 tatl\u0131lar da vard\u0131 men\u00fcde. Arkada\u015flar\u0131mla beraber bir g\u00fcn do\u011fum g\u00fcn\u00fc kutlamaya gittik. Mekan zaten Karak\u00f6y\u2019\u00fc bilenleriniz varsa buradaki k\u00fc\u00e7\u00fck, sokakalara ta\u015fan cafeler gibi \u00e7ok tatl\u0131. Duvarlar\u0131nda \u00f6zg\u00fcrl\u00fckle ilgili sloganlar metal plakalar var. Men\u00fcs\u00fc buradaki en keyifli \u015feylerden biri olabilir.\u00a0 Yiyecek ve i\u00e7eceklerin i\u00e7erik a\u00e7\u0131klamalar\u0131n\u0131 \u00e7ok seveceksiniz. Kendi el yap\u0131m\u0131 olan tatl\u0131lar\u0131ndan benim tercihlerime gelirsek <em>peanut butter<\/em> buran\u0131n bence y\u0131ld\u0131z\u0131. Browni \u00fczerine f\u0131st\u0131k ezmesi koyuluyor ve \u00e7ok lezzetli bir \u015fey \u00e7\u0131k\u0131yor ortaya. <em>Red velvet<\/em> de benim favorilerim aras\u0131nda. Ama<em> NY<\/em> diye bir cheesecakeleri var ki bana acayip kuru ve tats\u0131z geldi. <img decoding=\"async\" class=\"wp-image-5828 alignleft\" src=\"http:\/\/127.154.2.23\/kadrandergi\/wp-content\/uploads\/2017\/07\/PRESS-KARAK\u00d6Y4.jpg\" alt=\"\" width=\"183\" height=\"183\" \/>O g\u00fcn \u015fans\u0131ma m\u0131 \u00f6yle denk geldi bilemiyorum ama malesef \u00f6neremeyece\u011fim. Orman meyveli suflesini de \u00e7ok de\u011fi\u015fik ama g\u00fczel bir deneyim olarak \u00f6nerebilirim. Kahvelerinden tercihim ise <em>affogato<\/em> oldu. Kahveleri ger\u00e7ekten kaliteli. Garsonlar \u00e7ok g\u00fcler y\u00fczl\u00fc ve ilgililer. Samimi, s\u0131cak bir mekan. Fiyatlar\u0131 ortalaman\u0131n biraz \u00fczerinde ama denemeye de\u011fer diyorum. Tavsiyemdir!<\/p>\n<p>&nbsp;<\/p>\n","protected":false},"excerpt":{"rendered":"<p>PRESS KARAK\u00d6Y Mola verilecek g\u00fczel duraklar&#8230;<\/p>\n","protected":false},"author":33,"featured_media":8306,"comment_status":"open","ping_status":"open","sticky":false,"template":"","format":"standard","meta":{"footnotes":""},"categories":[53,55],"tags":[],"_links":{"self":[{"href":"https:\/\/www.kadrandergi.com.tr\/index.php?rest_route=\/wp\/v2\/posts\/8256"}],"collection":[{"href":"https:\/\/www.kadrandergi.com.tr\/index.php?rest_route=\/wp\/v2\/posts"}],"about":[{"href":"https:\/\/www.kadrandergi.com.tr\/index.php?rest_route=\/wp\/v2\/types\/post"}],"author":[{"embeddable":true,"href":"https:\/\/www.kadrandergi.com.tr\/index.php?rest_route=\/wp\/v2\/users\/33"}],"replies":[{"embeddable":true,"href":"https:\/\/www.kadrandergi.com.tr\/index.php?rest_route=%2Fwp%2Fv2%2Fcomments&post=8256"}],"version-history":[{"count":0,"href":"https:\/\/www.kadrandergi.com.tr\/index.php?rest_route=\/wp\/v2\/posts\/8256\/revisions"}],"wp:featuredmedia":[{"embeddable":true,"href":"https:\/\/www.kadrandergi.com.tr\/index.php?rest_route=\/"}],"wp:attachment":[{"href":"https:\/\/www.kadrandergi.com.tr\/index.php?rest_route=%2Fwp%2Fv2%2Fmedia&parent=8256"}],"wp:term":[{"taxonomy":"category","embeddable":true,"href":"https:\/\/www.kadrandergi.com.tr\/index.php?rest_route=%2Fwp%2Fv2%2Fcategories&post=8256"},{"taxonomy":"post_tag","embeddable":true,"href":"https:\/\/www.kadrandergi.com.tr\/index.php?rest_route=%2Fwp%2Fv2%2Ftags&post=8256"}],"curies":[{"name":"wp","href":"https:\/\/api.w.org\/{rel}","templated":true}]}}