{"id":8126,"date":"2017-03-01T10:36:59","date_gmt":"2017-03-01T08:36:59","guid":{"rendered":"http:\/\/kadrandergi.com.tr\/?p=8126"},"modified":"2017-03-01T10:36:59","modified_gmt":"2017-03-01T08:36:59","slug":"golgen","status":"publish","type":"post","link":"https:\/\/www.kadrandergi.com.tr\/?p=8126","title":{"rendered":"G\u00d6LGEN"},"content":{"rendered":"<p>Ben senin ge\u00e7ti\u011fin yolda bir a\u011fac\u0131m<\/p>\n<p>Fark etmezsin beni<\/p>\n<p>Ama kokun yapraklar\u0131ma tak\u0131l\u0131r<\/p>\n<p>Sesin k\u00f6klerime dolan\u0131r<\/p>\n<p>Sen beni duyamazs\u0131n<\/p>\n<p>Lisan\u0131m r\u00fczgar\u0131n sesine kar\u0131\u015f\u0131r<\/p>\n<p>G\u00f6lgen<\/p>\n<p>G\u00f6lgen g\u00f6lgeme denk d\u00fc\u015fer<\/p>\n<p>Toprak ye\u015file \u00e7alar<\/p>\n<p>\u00c7i\u00e7eklerin b\u00f6yle bir bahar\u0131 daha olmam\u0131\u015ft\u0131r<\/p>\n<p>Sen y\u00fcr\u00fcrs\u00fcn<\/p>\n<p>Ben gelemem<\/p>\n<p>K\u0131p\u0131rdayamam<\/p>\n<p>Terk edemem bu yeri<\/p>\n<p>Buras\u0131 benim vatan\u0131m<\/p>\n<p>Buras\u0131 benim sessiz mabedim<\/p>\n<p>Seni bilmek<\/p>\n<p>Seni ya\u015famak<\/p>\n<p>Yeter<\/p>\n<p>G\u00fcne\u015fi i\u00e7mek<\/p>\n<p>G\u00f6\u011f\u00fcn keskin kenar\u0131ndan<\/p>\n<p>Sen ge\u00e7ip giderken<\/p>\n<p>Her \u015fey s\u0131radan gibi ve masum<\/p>\n<p>\u0130\u015fte o anlarda<\/p>\n<p>D\u00fcnya yeniden yarat\u0131l\u0131p<\/p>\n<p>Yine yok oluyor<\/p>\n<p>Kumdan kaleler gibi<\/p>\n<p>Devlerin, y\u00fcreksizlerin<\/p>\n<p>Kalbin nas\u0131rla\u015fm\u0131\u015f<\/p>\n<p>\u0130nsanlar\u0131n \u00fclkesinde<\/p>\n<p>Umutsuz de\u011filim asla<\/p>\n<p>Ama bil ama unutma<\/p>\n<p>Senin ge\u00e7ti\u011fin yolda bir a\u011fac\u0131m<\/p>\n","protected":false},"excerpt":{"rendered":"<p>Ben senin ge\u00e7ti\u011fin yolda bir a\u011fac\u0131m&#8230;<\/p>\n","protected":false},"author":39,"featured_media":0,"comment_status":"open","ping_status":"open","sticky":false,"template":"","format":"standard","meta":{"footnotes":""},"categories":[53,64],"tags":[],"_links":{"self":[{"href":"https:\/\/www.kadrandergi.com.tr\/index.php?rest_route=\/wp\/v2\/posts\/8126"}],"collection":[{"href":"https:\/\/www.kadrandergi.com.tr\/index.php?rest_route=\/wp\/v2\/posts"}],"about":[{"href":"https:\/\/www.kadrandergi.com.tr\/index.php?rest_route=\/wp\/v2\/types\/post"}],"author":[{"embeddable":true,"href":"https:\/\/www.kadrandergi.com.tr\/index.php?rest_route=\/wp\/v2\/users\/39"}],"replies":[{"embeddable":true,"href":"https:\/\/www.kadrandergi.com.tr\/index.php?rest_route=%2Fwp%2Fv2%2Fcomments&post=8126"}],"version-history":[{"count":0,"href":"https:\/\/www.kadrandergi.com.tr\/index.php?rest_route=\/wp\/v2\/posts\/8126\/revisions"}],"wp:attachment":[{"href":"https:\/\/www.kadrandergi.com.tr\/index.php?rest_route=%2Fwp%2Fv2%2Fmedia&parent=8126"}],"wp:term":[{"taxonomy":"category","embeddable":true,"href":"https:\/\/www.kadrandergi.com.tr\/index.php?rest_route=%2Fwp%2Fv2%2Fcategories&post=8126"},{"taxonomy":"post_tag","embeddable":true,"href":"https:\/\/www.kadrandergi.com.tr\/index.php?rest_route=%2Fwp%2Fv2%2Ftags&post=8126"}],"curies":[{"name":"wp","href":"https:\/\/api.w.org\/{rel}","templated":true}]}}