{"id":11777,"date":"2023-02-01T00:00:00","date_gmt":"2023-01-31T21:00:00","guid":{"rendered":"http:\/\/kadrandergi.com.tr\/?p=11777"},"modified":"2023-10-12T18:34:25","modified_gmt":"2023-10-12T18:34:25","slug":"kucuk-prens","status":"publish","type":"post","link":"https:\/\/www.kadrandergi.com.tr\/?p=11777","title":{"rendered":"K\u00fc\u00e7\u00fck Prens"},"content":{"rendered":"\n<p> K\u00fc\u00e7\u00fck b\u00fcy\u00fck demeden t\u00fcm okuyucular\u0131na kendini sevdiren \u201cK\u00fc\u00e7\u00fck Prens\u201d kitab\u0131 bug\u00fcn bile h\u00e2l\u00e2 kitapl\u0131klardan eksik olmayan eserlerden. Okudu\u011funuz her ya\u015fta farkl\u0131 duygularla sizi kar\u015f\u0131layan bu kitap, Antoine De Saint-Exup\u00e9ry\u2019nin kaleminden ortaya \u00e7\u0131km\u0131\u015f ve u\u00e7a\u011f\u0131 d\u00fc\u015fm\u00fc\u015f bir pilotun \u00e7\u00f6lde kar\u015f\u0131la\u015ft\u0131\u011f\u0131 k\u00fc\u00e7\u00fck bir \u00e7ocukla olan hik\u00e2yesini ele alm\u0131\u015ft\u0131r.<\/p>\n\n\n\n<p> U\u00e7a\u011f\u0131na odaklanm\u0131\u015f, onu tamir etmeye \u00e7al\u0131\u015fan pilot, birden kar\u015f\u0131s\u0131nda beliren minik \u00e7ocu\u011fu g\u00f6rd\u00fc\u011f\u00fcnde \u015fa\u015f\u0131r\u0131r. \u00d6\u011frenmeye \u00e7al\u0131\u015f\u0131r nereden gelmi\u015ftir bu kendisine masumca g\u00fcl\u00fcmseyen sar\u0131\u015f\u0131n \u00e7ocuk ama hi\u00e7bir \u015fey alamaz mini\u011fin a\u011fz\u0131ndan. Sebebi \u015fudur ki, K\u00fc\u00e7\u00fck Prens soru sormaya bay\u0131l\u0131r ama konu cevaplara geldi\u011finde ise g\u00f6r\u00fcp g\u00f6rebilece\u011finiz en ketum insand\u0131r kendisi. Kimileri B-612 gezegeninden geldi\u011fini s\u00f6yler K\u00fc\u00e7\u00fck Prens\u2019in ya da belki de sadece insanlar\u0131n i\u00e7indeki \u00e7ocuklar\u0131n hi\u00e7 \u00f6lmedi\u011fi bir k\u00f6\u015fesinden \u00e7\u0131k\u0131p gelmi\u015ftir evrenin. Ne kadar b\u00fcy\u00fcseler de etraf\u0131ndaki paralarla, evlerle, g\u00f6steri\u015fle kalpleri kirlenmemi\u015f b\u00fcy\u00fcklerin olmad\u0131\u011f\u0131 bir yerdendir belki de. K\u00fc\u00e7\u00fck Prens, Pilot\u2019umuzun yan\u0131na gelmeden \u00f6nce gezer de gezer \u00e7\u00fcnk\u00fc. T\u00fcm gezegenlere u\u011frar, t\u00fcm hik\u00e2yelerini dinler orada ya\u015fayanlar\u0131n. Kimi i\u00e7kiye bo\u011fmu\u015ftur kendisini, kimi say\u0131lar aras\u0131nda kaybolmu\u015ftur sahiplenip y\u0131ld\u0131zlar\u0131, kimi t\u00fcm evreni kendisinin sayar. K\u00fc\u00e7\u00fck Prens \u015fa\u015f\u0131r\u0131r, geldi\u011fi yerde b\u00f6yle ki\u015filer yoktur \u00e7\u00fcnk\u00fc. Kendisinin de\u011fer veriyorum diyebilece\u011fi tek bir \u015feyi vard\u0131r, o da nereye giderse gitsin kalbinde ta\u015f\u0131d\u0131\u011f\u0131 g\u00fcl\u00fcd\u00fcr. Onun \u00e7i\u00e7e\u011fidir ona ya\u015fama iste\u011fi veren. Ama bu insanlar \u00e7i\u00e7e\u011fine de laf atarlar, onun basit bir nesne oldu\u011funu, gitti\u011fi her yerde o g\u00fcllere rastlayabilece\u011fini s\u00f6ylerler ona. <strong>\u201cAma\u2026\u201d<\/strong> der K\u00fc\u00e7\u00fck Prens<strong> \u201c\u0130nsan\u0131n sahip oldu\u011fu g\u00fcl\u00fc di\u011ferlerinden ay\u0131ran en \u00f6nemli \u015fey ona ay\u0131rd\u0131\u011f\u0131n vakittir.\u201d<\/strong> D\u00fcnyada kar\u015f\u0131la\u015ft\u0131\u011f\u0131 tilki dostu \u00f6\u011fretmi\u015ftir bunu ona. <strong>\u201cO \u00f6zel bir g\u00fcl\u201d<\/strong> der. <strong>\u201cNeden mi \u00f6zel? \u00c7\u00fcnk\u00fc o benim g\u00fcl\u00fcm\u2026\u201d<\/strong><\/p>\n\n\n\n<p> K\u00fc\u00e7\u00fck Prens\u2019in d\u00fcnyada pilottan \u00f6nce kar\u015f\u0131la\u015ft\u0131\u011f\u0131 iki dostu vard\u0131r. Biri y\u0131lan biri de bizim me\u015fhur tilkidir. \u0130lk geldi\u011finde d\u00fcnyay\u0131 \u00f6nce bombo\u015f bir gezegen san\u0131r, hi\u00e7 insan g\u00f6remez etrafta. Yapayaln\u0131z hisseder kendini yan\u0131nda y\u0131lan olsa bile. Ama y\u0131lan yaln\u0131zl\u0131kla ilgili ac\u0131 ger\u00e7e\u011fi bilmektedir. <strong>\u201cHi\u00e7 merak etme\u201d <\/strong>der K\u00fc\u00e7\u00fck Prens\u2019e <strong>\u201c\u0130nsanlar\u0131n i\u00e7inde olsan bile yine de kendini \u00e7ok yaln\u0131z hissedersin.\u201d<\/strong> &nbsp;Sonra bizim tilki belirir yan\u0131nda; \u00f6\u011fretir ona birine de\u011fer vermek ne demek, birini ger\u00e7ekten sevmek ne demek. Buna \u201cEvcille\u015ftirme\u201d ad\u0131n\u0131 takm\u0131\u015ft\u0131r. Uyar\u0131r bizim K\u00fc\u00e7\u00fck Prens\u2019i bu konuda, \u015fayet der benimle g\u00f6n\u00fcl ba\u011f\u0131 kurarsan beni evcille\u015ftirmi\u015f olursun. Ay\u0131lmak zor gelir, g\u00f6zya\u015flar\u0131n\u0131 yitirirsin u\u011frumda. Ama san\u0131r\u0131m K\u00fc\u00e7\u00fck Prens\u2019e ba\u011flanan tilki olmu\u015ftur, o d\u00f6ker g\u00f6zya\u015flar\u0131n\u0131 K\u00fc\u00e7\u00fck Prens ayr\u0131l\u0131rken yan\u0131ndan.<\/p>\n\n\n\n<p> Sonra pilotla kar\u015f\u0131la\u015f\u0131rlar. \u00c7ok konu\u015fmasalar da iyi anla\u015f\u0131rlar, kurduklar\u0131 derin bir ba\u011f vard\u0131r aralar\u0131nda. Ki bu ba\u011f K\u00fc\u00e7\u00fck Prens\u2019in kendi hakk\u0131nda hi\u00e7bir \u015fey anlatmamas\u0131na ra\u011fmen kurulur, kim bilir belki de bizim Pilot g\u00f6zlerinden anlam\u0131\u015ft\u0131r K\u00fc\u00e7\u00fck Prens\u2019in y\u00fcre\u011fini. Kalbinden dinlemi\u015ftir K\u00fc\u00e7\u00fck Prens\u2019in hik\u00e2yesini. Bilirsiniz en bilinen sat\u0131rlar\u0131d\u0131r bunlar kitab\u0131n: <strong>\u201c\u0130nsan ger\u00e7ekleri sadece kalbiyle g\u00f6rebilir. En temel \u015feyi g\u00f6zler g\u00f6remez. \u201c<\/strong><\/p>\n\n\n\n<p> En sonunda ayr\u0131l\u0131k vakti gelir bu iki dost i\u00e7in. Bug\u00fcn bile Pilot, K\u00fc\u00e7\u00fck Prens\u2019in gidi\u015f nedenini bilmemektedir. Tek bildi\u011fi \u015fey ayr\u0131lmak zorunda oldu\u011fu g\u00fcn\u00fcn bir y\u0131ld\u00f6n\u00fcm\u00fc oldu\u011fudur. Onu uzak tutmak ister kendinden K\u00fc\u00e7\u00fck Prens. Yan\u0131mda olmamal\u0131s\u0131n der, \u00f6l\u00fcyormu\u015fum gibi g\u00f6z\u00fckecek. Ama sorun \u015fudur ki Pilot \u00e7oktan g\u00f6n\u00fcl ba\u011f\u0131 kurmu\u015ftur bu masum k\u00fc\u00e7\u00fck \u00e7ocukla. Gidece\u011fini anlad\u0131\u011f\u0131 andan beri can\u0131 yanar, kalbi onu son bir kez ho\u015f\u00e7a kal demeden g\u00f6ndermeyi kabul etmez. Ve g\u00f6zya\u015flar\u0131n\u0131 tutamaz. Sonunda tilkinin ne demek istedi\u011fini anlam\u0131\u015ft\u0131r. <strong>\u201c\u0130nsan,\u201d<\/strong> der <strong>\u201cBirinin kendisini evcille\u015ftirmesine izin verdi\u011finde, bir par\u00e7a a\u011flamay\u0131 da g\u00f6ze al\u0131yor demek ki.\u201d<\/strong><\/p>\n\n\n\n<p> Pek konu\u015fmasalar da K\u00fc\u00e7\u00fck Prens\u2019in Pilot\u2019a duydu\u011fu sevgiyi ink\u00e2r edemeyiz hi\u00e7birimiz. Bu y\u0131ld\u0131zlara \u00e2\u015f\u0131k olan minik \u00e7ocuk, <strong>\u201cY\u0131ld\u0131zlara bak\u201d<\/strong> der bizim pilota veda ederken. <strong>\u201cDiyorum ki geceleri g\u00f6ky\u00fcz\u00fcne bakt\u0131\u011f\u0131nda, y\u0131ld\u0131zlardan birinde benim oldu\u011fumu bileceksin. Bakt\u0131\u011f\u0131n her y\u0131ld\u0131zda ben<\/strong> <strong>varm\u0131\u015f\u0131m gibi gelecek sana. Ve \u00fcz\u00fcnt\u00fcn dindi\u011finde\u2026 \u00c7\u00fcnk\u00fc zaman b\u00fct\u00fcn ac\u0131lar\u0131 iyile\u015ftirir\u2026Beni tan\u0131d\u0131\u011f\u0131na memnun olacaks\u0131n. Daima benim dostum olarak kalacaks\u0131n.\u201d<\/strong><\/p>\n\n\n\n<p> Ve alt\u0131 y\u0131l ge\u00e7er aradan. Pilot, K\u00fc\u00e7\u00fck Prens\u2019i kalbinde ta\u015f\u0131r bunca y\u0131l. <strong>O \u00fczg\u00fcnd\u00fcr, ama herkese yorgunum der. <\/strong>G\u00fcnbat\u0131m\u0131n\u0131 izler her g\u00fcn, belki K\u00fc\u00e7\u00fck Prens de orada bir yerlerde onunla birlikte izliyordur umuduyla. K\u00fc\u00e7\u00fck Prens\u2019ten istedi\u011fi cevab\u0131 alamamas\u0131na ra\u011fmen aralar\u0131nda ge\u00e7en \u015fu konu\u015fmay\u0131 h\u00e2l\u00e2 unutmam\u0131\u015ft\u0131r \u00e7\u00fcnk\u00fc:<\/p>\n\n\n\n<p class=\"has-text-align-center\"><strong>\u201cBir g\u00fcn,\u201d<\/strong> dedi bana, <strong>\u201cG\u00fcnbat\u0131m\u0131n\u0131 k\u0131rk d\u00f6rt kez g\u00f6rd\u00fcm.\u201d<\/strong><\/p>\n\n\n\n<p class=\"has-text-align-center\">Biraz sonra da ekledi:<\/p>\n\n\n\n<p class=\"has-text-align-center\"><strong>\u201cBiliyor musun\u2026 insan g\u00fcnbat\u0131m\u0131n\u0131 \u00e7ok seviyor, i\u00e7i \u00fczg\u00fcnken\u2026\u201d<\/strong><\/p>\n\n\n\n<p class=\"has-text-align-center\"><strong>\u201cO k\u0131rk d\u00f6rt g\u00fcnbat\u0131ml\u0131 g\u00fcnde i\u00e7in \u00e7ok mu \u00fczg\u00fcnd\u00fc yani?\u201d<\/strong> diye sordum. Ama K\u00fc\u00e7\u00fck Prens kar\u015f\u0131l\u0131k vermedi.<\/p>\n\n\n\n<p> Alt\u0131 farkl\u0131 bas\u0131m\u0131 vard\u0131r bende K\u00fc\u00e7\u00fck Prens\u2019in. Belki de okumu\u015fumdur alt\u0131dan fazla kez. Her okuyu\u015fumda farkl\u0131 bir yerin alt\u0131n\u0131 \u00e7iziyorum; bamba\u015fka bir yer dikkatimi \u00e7ekiyor, ben buray\u0131 nas\u0131l ka\u00e7\u0131rm\u0131\u015f\u0131m diyorum hayretle. Pilot bekliyor onu h\u00e2l\u00e2, ben de bekliyorum pek\u00e2l\u00e2. Yazar\u0131n K\u00fc\u00e7\u00fck Prens\u2019i g\u00f6r\u00fcrseniz bana da haber verin dedi\u011fi bir c\u00fcmle var kitapta, bu c\u00fcmle her bas\u0131mda farkl\u0131 bir \u015fekilde kurulmu\u015f. C\u00fcmlenin devam\u0131 da var asl\u0131nda, \u00fc\u00e7 k\u00fc\u00e7\u00fck s\u00f6zc\u00fck daha getirilmi\u015f ard\u0131ndan baz\u0131 bas\u0131mlarda. Bu \u00fc\u00e7 k\u00fc\u00e7\u00fck s\u00f6zc\u00fck olsun ya da olmas\u0131n ben ekliyorum yan\u0131na kitab\u0131 her bitiri\u015fimde, elim al\u0131\u015fm\u0131\u015f bir kere ya da y\u0131llard\u0131r ayn\u0131 duygular\u0131 ya\u015f\u0131yorum belki de:<\/p>\n\n\n\n<p> <strong>\u201cB\u00f6yle bir \u015fey olursa, kuzum beni sevindirin. Onun geri d\u00f6nm\u00fc\u015f oldu\u011funa ili\u015fkin haber sal\u0131n bana.\u201d<\/strong><\/p>\n\n\n\n<p>Diyor bir bas\u0131m\u0131nda.<\/p>\n\n\n\n<p><strong>\u201cOnun geri geldi\u011fini haber vermenizi b\u00fct\u00fcn kalbimle istiyorum\u2026\u201d<\/strong><\/p>\n\n\n\n<p> Diyor bir ba\u015fkas\u0131nda.<\/p>\n\n\n\n<p> <strong>\u201cO zaman n\u2019olur y\u00fcre\u011fime su serpin. Haber sal\u0131n, geri d\u00f6nd\u00fc\u011f\u00fcn\u00fc bildirin bana.\u201d<\/strong><\/p>\n\n\n\n<p> Ve bu c\u00fcmlelerden sonra benim kalemim devreye giriyor ben de bir c\u00fcmle ekleyiveriyorum her birinin yan\u0131na, alt\u0131nda da bu c\u00fcmleyi her yazd\u0131\u011f\u0131mda att\u0131\u011f\u0131m bin bir \u00e7e\u015fit tarihle:<\/p>\n\n\n\n<p class=\"has-text-align-center\"><strong>\u201c\u00c7\u00fcnk\u00fc onu \u00e7ok \u00f6zl\u00fcyorum\u2026\u201d<\/strong><\/p>\n\n\n\n<p class=\"has-text-align-center\"><strong>23.01.23<\/strong><\/p>\n","protected":false},"excerpt":{"rendered":"<p>K\u00fc\u00e7\u00fck b\u00fcy\u00fck demeden t\u00fcm okuyucular\u0131na kendini&#8230;<\/p>\n","protected":false},"author":1,"featured_media":12421,"comment_status":"open","ping_status":"open","sticky":false,"template":"","format":"standard","meta":{"footnotes":""},"categories":[54],"tags":[],"_links":{"self":[{"href":"https:\/\/www.kadrandergi.com.tr\/index.php?rest_route=\/wp\/v2\/posts\/11777"}],"collection":[{"href":"https:\/\/www.kadrandergi.com.tr\/index.php?rest_route=\/wp\/v2\/posts"}],"about":[{"href":"https:\/\/www.kadrandergi.com.tr\/index.php?rest_route=\/wp\/v2\/types\/post"}],"author":[{"embeddable":true,"href":"https:\/\/www.kadrandergi.com.tr\/index.php?rest_route=\/wp\/v2\/users\/1"}],"replies":[{"embeddable":true,"href":"https:\/\/www.kadrandergi.com.tr\/index.php?rest_route=%2Fwp%2Fv2%2Fcomments&post=11777"}],"version-history":[{"count":1,"href":"https:\/\/www.kadrandergi.com.tr\/index.php?rest_route=\/wp\/v2\/posts\/11777\/revisions"}],"predecessor-version":[{"id":12422,"href":"https:\/\/www.kadrandergi.com.tr\/index.php?rest_route=\/wp\/v2\/posts\/11777\/revisions\/12422"}],"wp:featuredmedia":[{"embeddable":true,"href":"https:\/\/www.kadrandergi.com.tr\/index.php?rest_route=\/wp\/v2\/media\/12421"}],"wp:attachment":[{"href":"https:\/\/www.kadrandergi.com.tr\/index.php?rest_route=%2Fwp%2Fv2%2Fmedia&parent=11777"}],"wp:term":[{"taxonomy":"category","embeddable":true,"href":"https:\/\/www.kadrandergi.com.tr\/index.php?rest_route=%2Fwp%2Fv2%2Fcategories&post=11777"},{"taxonomy":"post_tag","embeddable":true,"href":"https:\/\/www.kadrandergi.com.tr\/index.php?rest_route=%2Fwp%2Fv2%2Ftags&post=11777"}],"curies":[{"name":"wp","href":"https:\/\/api.w.org\/{rel}","templated":true}]}}