{"id":11768,"date":"2023-02-01T00:00:00","date_gmt":"2023-01-31T21:00:00","guid":{"rendered":"http:\/\/kadrandergi.com.tr\/?p=11768"},"modified":"2023-10-12T18:38:06","modified_gmt":"2023-10-12T18:38:06","slug":"kirmizi-ojeli-kizlarin-birine-bakip-ciktigi-siir","status":"publish","type":"post","link":"https:\/\/www.kadrandergi.com.tr\/?p=11768","title":{"rendered":"K\u0131rm\u0131z\u0131 Ojeli K\u0131zlar\u0131n Birine Bak\u0131p \u00c7\u0131kt\u0131\u011f\u0131 \u015eiir"},"content":{"rendered":"\n<p>Sesini duyar gibi oluyorum gemilerden mendiller sallan\u0131nca\u2026<br>Bir mazlum borcunu \u00f6deyince mesela,<br>M\u0131s\u0131rlar p\u00fcsk\u00fcllenince zamans\u0131z,<br>K\u0131z karde\u015fim \u00e7ar\u015f\u0131 i\u00e7in izin al\u0131nca babamdan,<br>Bir kad\u0131n kocas\u0131ndan kurtulunca sa\u011f salim,<br>Yerel gazetelerde Frans\u0131zca bir kelimeye rastlay\u0131nca,<br>R\u00fczg\u00e2r enseme f\u0131s\u0131lday\u0131nca ku\u015flar\u0131n istikametini,<br>Annem \u00e7akt\u0131rmadan gururlan\u0131nca benimle,<br>\u00c7akal bo\u011fmay\u0131 \u00f6\u011frenince k\u00f6pe\u011fimiz,<br>Bir tren var\u0131nca Koktebel\u2019e\u2026<\/p>\n\n\n\n<p>Biliyorsun iptidai bir a\u015fka i\u015faret ediyor bu s\u00f6ylediklerim.<br>Avu\u00e7 i\u00e7lerini te\u015fhir ediyor biliyorum.<br>Ama dur!<br>Bitireyim.<br>G\u00f6ky\u00fcz\u00fc mesela,<br>Hi\u00e7 etkilemiyor zat-\u0131 alimi.<br>Bir y\u0131ld\u0131z\u0131n kaymas\u0131na \u015fa\u015f\u0131r\u0131nca \u00e7ocuklar a\u011f\u0131zlar\u0131 a\u00e7\u0131k,<br>Bir intihar ger\u00e7ekle\u015fiyor omuzlar\u0131mda.<br>\u0130ntihar: Paye bi\u00e7mek bu ba\u015f\u0131 bo\u015f d\u00fcnyaya\u2026<br>D\u00fcnya: S\u0131r\u0131tman\u0131n yeg\u00e2ne d\u00fc\u015fman\u0131\u2026<\/p>\n\n\n\n<p>G\u00f6r\u00fcyorsun de\u011fil mi?<br>G\u00f6r\u00fcyorsun\u2026<br>Yava\u015f yava\u015f \u00e7\u0131k\u0131yorsun akl\u0131mdan,<br>Hayallerimin berrakl\u0131\u011f\u0131na s\u0131k\u0131yor y\u0131lan bal\u0131klar\u0131,<br>Senden yans\u0131yan her \u0131\u015f\u0131k can\u0131m\u0131 yak\u0131yor \u015fimdi,<br>\u00dc\u00e7 g\u00fcnl\u00fck \u00f6mr\u00fc kald\u0131 bana ald\u0131\u011f\u0131n kalemin,<br>Olancas\u0131 buradan Volgograd\u2026<\/p>\n","protected":false},"excerpt":{"rendered":"<p>Sesini duyar gibi oluyorum gemilerden mendiller&#8230;<\/p>\n","protected":false},"author":1,"featured_media":12423,"comment_status":"open","ping_status":"open","sticky":false,"template":"","format":"standard","meta":{"footnotes":""},"categories":[64],"tags":[],"_links":{"self":[{"href":"https:\/\/www.kadrandergi.com.tr\/index.php?rest_route=\/wp\/v2\/posts\/11768"}],"collection":[{"href":"https:\/\/www.kadrandergi.com.tr\/index.php?rest_route=\/wp\/v2\/posts"}],"about":[{"href":"https:\/\/www.kadrandergi.com.tr\/index.php?rest_route=\/wp\/v2\/types\/post"}],"author":[{"embeddable":true,"href":"https:\/\/www.kadrandergi.com.tr\/index.php?rest_route=\/wp\/v2\/users\/1"}],"replies":[{"embeddable":true,"href":"https:\/\/www.kadrandergi.com.tr\/index.php?rest_route=%2Fwp%2Fv2%2Fcomments&post=11768"}],"version-history":[{"count":1,"href":"https:\/\/www.kadrandergi.com.tr\/index.php?rest_route=\/wp\/v2\/posts\/11768\/revisions"}],"predecessor-version":[{"id":12424,"href":"https:\/\/www.kadrandergi.com.tr\/index.php?rest_route=\/wp\/v2\/posts\/11768\/revisions\/12424"}],"wp:featuredmedia":[{"embeddable":true,"href":"https:\/\/www.kadrandergi.com.tr\/index.php?rest_route=\/wp\/v2\/media\/12423"}],"wp:attachment":[{"href":"https:\/\/www.kadrandergi.com.tr\/index.php?rest_route=%2Fwp%2Fv2%2Fmedia&parent=11768"}],"wp:term":[{"taxonomy":"category","embeddable":true,"href":"https:\/\/www.kadrandergi.com.tr\/index.php?rest_route=%2Fwp%2Fv2%2Fcategories&post=11768"},{"taxonomy":"post_tag","embeddable":true,"href":"https:\/\/www.kadrandergi.com.tr\/index.php?rest_route=%2Fwp%2Fv2%2Ftags&post=11768"}],"curies":[{"name":"wp","href":"https:\/\/api.w.org\/{rel}","templated":true}]}}