{"id":11750,"date":"2023-01-01T00:00:00","date_gmt":"2022-12-31T21:00:00","guid":{"rendered":"https:\/\/kadrandergi.com.tr\/?p=11750"},"modified":"2023-10-12T19:37:59","modified_gmt":"2023-10-12T19:37:59","slug":"boynumuzdaki-celikleri-biz-biledik","status":"publish","type":"post","link":"https:\/\/www.kadrandergi.com.tr\/?p=11750","title":{"rendered":"Boynumuzdaki \u00c7elikleri Biz Biledik"},"content":{"rendered":"\n<p>&#8220;Cellad\u0131na \u00e2\u015f\u0131k olmu\u015fsa bir millet<\/p>\n\n\n\n<p>\u0130ster ezan ister \u00e7an dinlet<\/p>\n\n\n\n<p>\u0130tiraz etmiyorsa s\u00fcr\u00fc gibi illet<\/p>\n\n\n\n<p>M\u00fcstahakt\u0131r ona her t\u00fcrl\u00fc zillet.&#8221;&nbsp;<\/p>\n\n\n\n<p>                                    \u00d6mer Hayyam<\/p>\n\n\n\n<p>Tarih, kanl\u0131 bir kitab\u0131n sayfalar\u0131n\u0131 \u00e7evirmek gibi. Her b\u00f6l\u00fcmde say\u0131s\u0131z g\u00f6zya\u015flar\u0131, her c\u00fcmlede bir annenin hi\u00e7 dinmeyen feryad\u0131 var. Devaml\u0131 de\u011fi\u015fen zalim ve mazlum dengesinde, de\u011fi\u015fmeyen tek \u015fey toplu adalet cinayetleri oldu medeniyet merdiveninin her basama\u011f\u0131nda. \u00d6len \u00f6ld\u00fc\u011f\u00fcyle kald\u0131, s\u00f6ven s\u00f6vd\u00fc\u011f\u00fcyle&#8230; Anlat\u0131lamayan, anla\u015f\u0131lamayan, ula\u015f\u0131lamayan fikirler can verdi a\u011f\u0131zdan \u00e7\u0131kt\u0131klar\u0131 sessiz k\u00f6\u015felerde. Her devrin kendi raconu, her devrin kendi k\u00f6t\u00fcs\u00fc, her devrin masum sevgileri oldu. Her devrin sonunda toprak ete, \u015feytan g\u00fcnaha doydu. Mutlu sonlar\u0131n asla olmad\u0131\u011f\u0131 bu Dante cehenneminde, adalet ge\u00e7 dahi olsa gelmedi. \u00d6len \u00f6ld\u00fc\u011f\u00fcyle maktul, d\u00f6ven d\u00f6vd\u00fc\u011f\u00fcyle zorba&#8230;<\/p>\n\n\n\n<p>D\u00fcn, bug\u00fcn ve yar\u0131n; korkun\u00e7 birer distopya. Kimliksiz y\u0131\u011f\u0131nlar\u0131n \u015fekilsiz karakterleri, dar a\u011fa\u00e7lar\u0131nda ya\u011fl\u0131 urgan ipleri, kimsenin kimseyi dinlemedi\u011fi, h\u00fck\u00fcmlerin en tepeden geldi\u011fi sahnelerde g\u00f6sterildi hikayemiz. Ne izleyeni oldu ne dinleyeni ne duyan\u0131 ne g\u00f6reni&#8230; Sessizce can verdi b\u00fct\u00fcn fig\u00fcranlar, ba\u015frollerin ezici kibirleri alt\u0131nda.<\/p>\n\n\n\n<p>Adaletin adil olmad\u0131\u011f\u0131 yerlerde, sefalet derin olurmu\u015f. \u00dczerimize yap\u0131\u015fan bu kirli ya\u015fam, ruhumuzu sarma\u015f\u0131klar gibi sard\u0131. G\u00f6\u011f\u00fcm\u00fcz pas i\u00e7inde, g\u00f6\u011fs\u00fcm\u00fcz zift kadar ayd\u0131nl\u0131k.&nbsp; Herkesin ma\u011fdur oldu\u011fu yerde, herkesin hakl\u0131 olmas\u0131; itlerin ki\u015fnemesi ve atlar\u0131n havlamas\u0131yla son buluyor. Art\u0131k it izi ve at izi de\u011fil, itler ve atlar dahi kar\u0131\u015ft\u0131. \u00c7ok fazla yalan\u0131n oldu\u011fu yerlerde; do\u011frular, do\u011fru gelmemeye ba\u015fl\u0131yor art\u0131k. Hayaller ve ger\u00e7eklerin tehlikeli valsinde, bu b\u00fcy\u00fck insanc\u0131klar rol \u00e7al\u0131yor iblisten.<\/p>\n\n\n\n<p>Orta \u00e7a\u011f karanl\u0131\u011f\u0131n\u0131n derin uykusundan fark\u0131 yok karanl\u0131k gecemizin. Cad\u0131 avlar\u0131ysa h\u00e2l\u00e2 devam etmekte asil k\u0131l\u0131\u00e7lar\u0131n g\u00f6lgesinde. Kalabal\u0131klar\u0131n ruhsuz sloganlar\u0131, ak\u0131l ve bilin\u00e7 d\u0131\u015f\u0131 att\u0131\u011f\u0131 \u00e7\u0131\u011fl\u0131klar\u0131, kendi kalplerinde bile yer bulmuyor. Kitlesel intiharlar oluyor vicdanlar\u0131n i\u00e7inde. Bir partizan hayk\u0131r\u0131yor uzaklardan, bir ba\u015fkas\u0131 ba\u015fka bir noktadan, bir ba\u015fkas\u0131 ba\u015fka&#8230; Ci\u011ferimize i\u015fleyen b\u00f6l\u00fcnm\u00fc\u015fl\u00fck hissi, hi\u00e7bir paydada kavu\u015fturmuyor bizi. Ceplerimiz bombo\u015f, yumruklar\u0131m\u0131z s\u0131ms\u0131k\u0131, dilimizde yalanlardan kurulmu\u015f birka\u00e7 siyasi imge&#8230; Haydi! Bo\u015f ver, d\u00fc\u015f\u00fcnme&#8230;<\/p>\n\n\n\n<p>\u0130nsan, en haset duygular\u0131n, en fasit fikirlerin anavatan\u0131 olabilir mi? O masum bebekler nas\u0131l da k\u00f6reliyor cehaletin elinde. \u015eeytanlar\u0131n rahminde yeti\u015fiyor insanl\u0131k.&nbsp; M\u00fcnferit k\u00f6t\u00fcl\u00fckleri, bozulmu\u015f sefil ruhlar\u0131 anlasam da anlayabilmi\u015f de\u011filim toplumsal sefaleti. Anadolu irfan\u0131 denilen kutlu medeniyet, bedeviyetin ruhuna rahmet okuttu.&nbsp; \u00c7\u00f6ldeki ha\u015ferattan daha zehirli, s\u0131rtlanlardan daha vah\u015fi, \u00e7akallardan biraz zeki&#8230; D\u00f6rt yan\u0131m\u0131z \u015ferlerle \u00e7evrili bir ac\u0131 par\u00e7as\u0131 olduk. Bildi\u011fimiz t\u00fcm erdemler art\u0131k bize yabanc\u0131.<\/p>\n\n\n\n<p>\u0130nsanl\u0131k, insanlar\u0131n zulm\u00fcnden kurtulamad\u0131. D\u00fcnyan\u0131n her yerinden y\u00fckseliyor \u00e7\u0131\u011fl\u0131klar. \u00d6l\u00fcm kusan bombalar, bebek yutan so\u011fuklar, namus h\u0131r\u0131lt\u0131lar\u0131 alt\u0131nda can veren kad\u0131nlar, bin bir ac\u0131yla ezilen keder y\u00fckl\u00fc adamlar, hayat\u0131n bahar\u0131nda yaprak d\u00f6ken \u00e7ocuklar. Ya\u015fam\u0131n ve \u00f6l\u00fcm\u00fcn aras\u0131ndaki ince \u00e7izgide, hep \u00f6l\u00fcme oldu meylimiz. Korku, ba\u015fucumuzdan eksik etmedi\u011fimiz bir hikayeydi. Trajedi, gece yatmadan \u00f6nce yazd\u0131\u011f\u0131m\u0131z g\u00fcnl\u00fcklerin bir \u00e7e\u015fidi.<\/p>\n\n\n\n<p>D\u00fcn\u00fc dinledim, \u015fimdiyi ya\u015f\u0131yorum, yar\u0131n\u0131 anl\u0131yorum. Gitti\u011fimiz yollar, indi\u011fimiz basamaklar\u0131 olu\u015fturuyor. Yerin dibine iniyor, bu dikenli basamaklar. Art\u0131k \u00dctopyay\u0131, G\u00fcne\u015f \u00dclkesini ya da Farabi&#8217;nin Erdemli Toplumunu g\u00f6remiyoruz yerin bin kat alt\u0131nda. Biz 1984 y\u0131l\u0131nda tutsak kald\u0131k. Ne g\u00fcn\u00fc kurtarabiliyoruz ne de kendimizi. Engizisyon mahkemelerinden beraat alsak dahi, \u0130stiklal mahkemeleri vuruyor h\u00fcrriyet dileyen kellemizi. Melalimiz anla\u015f\u0131lm\u0131yor, gecemize kimse mum yakm\u0131yor. Varl\u0131\u011f\u0131m\u0131z\u0131, yok h\u00fckm\u00fcnde ya\u015f\u0131yoruz. Yoklu\u011fumuz, hi\u00e7bir masada s\u00f6z konusu olmuyor.<\/p>\n\n\n\n<p>Bast\u0131\u011f\u0131m\u0131z topra\u011fa basan binlerce \u00f6l\u00fc var topra\u011fa kar\u0131\u015fm\u0131\u015f. Her biri yollar\u0131m\u0131zdan ge\u00e7ti, her biri zehrimizden az da olsa i\u00e7ti. Hi\u00e7biri \u00f6zg\u00fcr bir \u015fafa\u011fa g\u00fcnayd\u0131n diyemeden gitti. \u00c7\u00fcnk\u00fc bizler cellad\u0131na \u00e2\u015f\u0131k olan k\u00fc\u00e7\u00fck s\u00fcr\u00fcleriz. Boynumuzda parlayan so\u011fuk \u00e7eli\u011fi biz d\u00f6vd\u00fck cehennemin korunda. Her birimiz kendi cellad\u0131m\u0131z\u0131 kendimiz besledik. Ba\u015fka cellatlar da var dedik, ba\u015fka koyunlar da var. Ba\u015fka ba\u015fka bir s\u00fcr\u00fc \u015fey s\u00f6yledik. Ba\u015fka \u00f6l\u00fcmler de var dedik, bak mesela 1200 y\u0131l\u0131nda Fransa&#8217;da, ya da M.\u00d6 Afrika&#8217;da. Ba\u015fka b\u0131\u00e7aklar da var dedik, ba\u015fka boyunlarda. Boynumuza yaslanan so\u011fuk \u00e7eli\u011fi biz biledik. \u00d6nceden ya\u015fas\u0131n kral derdik, sonralar\u0131 padi\u015fah\u0131m \u00e7ok ya\u015fa. Bizdik her \u015feyin m\u00fcsebbibi, hep biz. Boynumuzda par\u0131ldayan bu keskin \u00e7elikleri biz biledik.<\/p>\n\n\n\n<p>Biz sessiz y\u0131\u011f\u0131nlar\u0131z. Biz k\u00f6hne kalabal\u0131\u011f\u0131z meydanlar\u0131 dolduran. Biz korkak y\u00fcrekleriz, yanl\u0131\u015flar\u0131 kucaklayan. Biz, kendi i\u00e7inde sava\u015flar verip, a\u011fz\u0131m\u0131zdan bir kelam \u00e7\u0131karamayanlar\u0131z. Zulm\u00fc alk\u0131\u015flayan eller biziz, idam sehpas\u0131na \u00e7\u0131kan biz. Giyotini b\u0131rakan da giyotinde kalan da biziz. Biz, biz olmaya devam ettik\u00e7e, biz acziyet ve cehalet bur\u00e7lar\u0131nda bek\u00e7ilik yapt\u0131k\u00e7a, onlar b\u00fcy\u00fcyecek, semirecek, tahakk\u00fcm edecek, soyacak, \u00f6ld\u00fcrecek, \u00f6ld\u00fcrtecek, zulmedecek, g\u00fc\u00e7lenecek&#8230; Biz, biz olmay\u0131 sevdik\u00e7e; onlar, var ya da yok etmeye karar verecek.<\/p>\n\n\n\n<p>Bu biz ve onlar aras\u0131nda ac\u0131nas\u0131 bir rekabet. Ve art\u0131k onlar, ellerimizin, g\u00f6zlerimizin ve s\u00f6zlerimizin ula\u015famayaca\u011f\u0131 bir noktada, bizi kar\u0131ncalardan farks\u0131z g\u00f6r\u00fcyor. Bas\u0131p ezmemeleri, merhametlerinden. Varl\u0131\u011f\u0131m\u0131z, onlar\u0131n \u015fefkatinden geliyor. Oysa oturdu\u011fu muhkem kalelerin, tu\u011flalar\u0131 biziz. H\u00fckmettikleri zenginlik biziz. Kar\u0131nca da olsak kalabal\u0131k olan biziz. Ancak o kadar parampar\u00e7a o kadar b\u00f6l\u00fck p\u00f6r\u00e7\u00fc\u011f\u00fcz ki, benlikten bizli\u011fe giden o k\u00f6pr\u00fcden asla ge\u00e7emedik&#8230; Biz oldu\u011fumuz g\u00fcnlerin gelmesini temenni ediyorum. S\u0131\u011f\u0131nd\u0131\u011f\u0131m\u0131z b\u00fct\u00fcn limanlar\u0131n yand\u0131\u011f\u0131 bu deh\u015fetli denizde Allah&#8217;a s\u0131\u011f\u0131n\u0131yor ve O&#8217;ndan bu karanl\u0131k geceye nur, \u00f6lm\u00fc\u015f vicdanlara rahmet, sessiz dualara yard\u0131m dinleniyorum&#8230;<\/p>\n","protected":false},"excerpt":{"rendered":"<p>&#8220;Cellad\u0131na \u00e2\u015f\u0131k olmu\u015fsa bir millet \u0130ster&#8230;<\/p>\n","protected":false},"author":17,"featured_media":12439,"comment_status":"open","ping_status":"open","sticky":false,"template":"","format":"standard","meta":{"footnotes":""},"categories":[67,53],"tags":[],"_links":{"self":[{"href":"https:\/\/www.kadrandergi.com.tr\/index.php?rest_route=\/wp\/v2\/posts\/11750"}],"collection":[{"href":"https:\/\/www.kadrandergi.com.tr\/index.php?rest_route=\/wp\/v2\/posts"}],"about":[{"href":"https:\/\/www.kadrandergi.com.tr\/index.php?rest_route=\/wp\/v2\/types\/post"}],"author":[{"embeddable":true,"href":"https:\/\/www.kadrandergi.com.tr\/index.php?rest_route=\/wp\/v2\/users\/17"}],"replies":[{"embeddable":true,"href":"https:\/\/www.kadrandergi.com.tr\/index.php?rest_route=%2Fwp%2Fv2%2Fcomments&post=11750"}],"version-history":[{"count":1,"href":"https:\/\/www.kadrandergi.com.tr\/index.php?rest_route=\/wp\/v2\/posts\/11750\/revisions"}],"predecessor-version":[{"id":12440,"href":"https:\/\/www.kadrandergi.com.tr\/index.php?rest_route=\/wp\/v2\/posts\/11750\/revisions\/12440"}],"wp:featuredmedia":[{"embeddable":true,"href":"https:\/\/www.kadrandergi.com.tr\/index.php?rest_route=\/wp\/v2\/media\/12439"}],"wp:attachment":[{"href":"https:\/\/www.kadrandergi.com.tr\/index.php?rest_route=%2Fwp%2Fv2%2Fmedia&parent=11750"}],"wp:term":[{"taxonomy":"category","embeddable":true,"href":"https:\/\/www.kadrandergi.com.tr\/index.php?rest_route=%2Fwp%2Fv2%2Fcategories&post=11750"},{"taxonomy":"post_tag","embeddable":true,"href":"https:\/\/www.kadrandergi.com.tr\/index.php?rest_route=%2Fwp%2Fv2%2Ftags&post=11750"}],"curies":[{"name":"wp","href":"https:\/\/api.w.org\/{rel}","templated":true}]}}