{"id":11321,"date":"2022-02-01T02:21:00","date_gmt":"2022-01-31T23:21:00","guid":{"rendered":"http:\/\/kadrandergi.com.tr\/?p=11321"},"modified":"2022-02-01T02:21:00","modified_gmt":"2022-01-31T23:21:00","slug":"fantastik-turk-edebiyatinda-yeni-bir-soluk-son-varis-ve-m-hamza-gursoy","status":"publish","type":"post","link":"https:\/\/www.kadrandergi.com.tr\/?p=11321","title":{"rendered":"Fantastik T\u00fcrk Edebiyat\u0131\u2019nda Yeni Bir Soluk: Son V\u00e2ris ve M. Hamza G\u00fcrsoy"},"content":{"rendered":"<p><strong><img decoding=\"async\" class=\" wp-image-11323 alignleft\" src=\"http:\/\/kadrandergi.com.tr\/wp-content\/uploads\/2022\/02\/WhatsApp-Image-2022-01-23-at-21.26.15-1-e1643757646122.jpeg\" alt=\"\" width=\"172\" height=\"220\"><\/strong><\/p>\n<p><strong>Ho\u015f geldiniz \u00f6ncelikle&#8230; Asl\u0131nda bir\u00e7ok r\u00f6portaj\u0131n\u0131zda uzun uzun anlatt\u0131n\u0131z. Fakat bilmeyenler, ilk defa kar\u015f\u0131la\u015fanlar i\u00e7in \u201cSon V\u00e2ris\u201d maceras\u0131 nas\u0131l ba\u015flad\u0131, nas\u0131l gitti ve gidiyor bahsedebilir misiniz?<\/strong><\/p>\n<p>Umar\u0131m g\u00fczel bir ba\u015flang\u0131\u00e7 olur. \u00d6ncelikle nas\u0131l b\u00f6yle bir \u00e7al\u0131\u015fmaya karar verdim ondan bahsedeyim. Asl\u0131nda ben ba\u015f\u0131ndan beri ciddi bir fantastik okuru ve takip\u00e7isiyim. Bu d\u00fcnyan\u0131n g\u00fcc\u00fcn\u00fc ke\u015ffetmek, bana onunla okurlar aras\u0131nda k\u00f6pr\u00fc olma iste\u011fi verdi. Peki, nas\u0131l yap\u0131lm\u0131\u015f, diye sordu\u011fumda ba\u015flad\u0131 as\u0131l ser\u00fcven. Bu t\u00fcr\u00fcn kurucusu diyebilece\u011fimiz veya i\u015fte en pop\u00fcleri, en i\u015fi temellendireni J. R. R. Tolkien\u2019dir. Filologdur ayn\u0131 zamanda kendisi, onu ke\u015ffetmekle yola koyuldum. Kendisi d\u00fcnya destanlar\u0131n\u0131 ve \u00f6zellikle Orta Asya\u2019n\u0131n, bizim oldu\u011fu kadar ba\u015fka milletlerin mitolojilerini, destanlar\u0131n\u0131 da ara\u015ft\u0131rm\u0131\u015ft\u0131r. Tabii akl\u0131m\u0131za sadece T\u00fcrkler orada varm\u0131\u015f gibi geliyor, sanki ba\u015fka milletleri orada ya\u015fatm\u0131yormu\u015fuz gibi; Slavlar, \u00c7inliler, G\u00fcneyli kabileler hep Orta Asya milletlerindendir. Onlar\u0131n destanlar\u0131ndaki mitleri, karakterleri, al\u0131p bir d\u00fcnya kurmu\u015f. Elfler, orglar gibi asl\u0131nda bir\u00e7ok \u015fey bu k\u00fclt\u00fcrlerin \u00fcr\u00fcn\u00fc, onu sadece macera ve evren haline getirmi\u015f.<\/p>\n<p>En ba\u015fta <em>Son V\u00e2ris<\/em> biraz daha Bat\u0131\u2019ya yak\u0131n bir yap\u0131dayd\u0131. Sonra dedim ki daha bizden bir \u015fey olsun. \u00c7\u00fcnk\u00fc T\u00fcrk\u00e7e yazarak anlatmaya \u00e7al\u0131\u015faca\u011f\u0131m. Bu \u015fekilde bizim destanlar\u0131 ara\u015ft\u0131rmaya ba\u015flad\u0131m. Tabii en ba\u015fta O\u011fuz destanlar\u0131n\u0131n hepsini, Uygur, \u00c7in metinlerini, Hun, Ergenekon, T\u00fcreyi\u015f destanlar\u0131na kadar pek \u00e7ok metin ve destan okuyup ara\u015ft\u0131rd\u0131m. Yak\u0131n ve uzak ama \u00f6zellikle \u0130slamiyet \u00f6ncesini daha \u00e7ok ara\u015ft\u0131rd\u0131m. Ortaya \u00e7ok ilgin\u00e7 ve b\u00fcy\u00fck bir d\u00fcnya \u00e7\u0131kt\u0131. <em>Star Wars<\/em> i\u00e7in de b\u00f6yle s\u00f6ylenir; <em>Star Wars<\/em> evreni o kadar b\u00fcy\u00fckt\u00fcr ki her karakter i\u00e7in ayr\u0131 bir dizi yap\u0131l\u0131r. Disney+ \u015fu anda o dizileri yap\u0131yor. Ben de b\u00fcy\u00fck hayranlar\u0131y\u0131m, fig\u00fcrleri bile var. Bu \u015fekilde de \u00e7oklu fantastik takip\u00e7ili\u011fi ve evren kurma d\u00fc\u015f\u00fcncesi <em>Son V\u00e2ris<\/em>\u2019le bulu\u015fmu\u015f oldu. Ben Tolkien\u2019in yap\u0131s\u0131n\u0131 ald\u0131m fakat J. K. Rowling\u2019in de mantalitesini ald\u0131m. Onda ufak bir \u00e7ocu\u011fun, b\u00fcy\u00fcklerin d\u00fcnyas\u0131nda her \u015feye ra\u011fmen ba\u015far\u0131l\u0131 olmas\u0131 inanc\u0131 yatar. Burada yine 17 ya\u015f\u0131nda yola \u00e7\u0131kan bir \u00e7ocuk var. Ben de kitab\u0131 yazmaya ba\u015flad\u0131\u011f\u0131mda o ya\u015flardayd\u0131m. O\u011fuz\u2019un kitaptaki zaman\u0131na g\u00f6re daha fazla ya\u015fland\u0131m, <em>Son V\u00e2ris<\/em>\u2019te zaman farkl\u0131 ak\u0131yor. Fakat karakterle beraber b\u00fcy\u00fcd\u00fcm, b\u00fcy\u00fcyorum bende. B\u00f6yle bir kurgu ortaya koymaya \u00e7al\u0131\u015ft\u0131m. \u00c7\u00fcnk\u00fc anlatmak istedi\u011fim \u00e7ok fazla \u015fey var, \u00e7ok g\u00fczel de\u011ferlerimiz var. G\u00fcn\u00fcm\u00fczde unutulmu\u015f olsalar da fantasti\u011fin g\u00fcc\u00fcne g\u00fcveniyorum bunlar\u0131 aktarmakta. Biraz \u00f6zet olacakt\u0131 uzatt\u0131m belki laf\u0131.<\/p>\n<p><strong>Sorun de\u011fil, \u00e7ok k\u0131ymetli bilgiler olduklar\u0131na inan\u0131yorum. Peki, <em>Son V\u00e2ris<\/em> ismi nereden geliyor?<\/strong><\/p>\n<p>\u0130sminde de \u00e7ok d\u00fc\u015f\u00fcnd\u00fcm, zaten ismi en son yaz\u0131ld\u0131, kitap bas\u0131lmas\u0131na yak\u0131n de\u011fi\u015fti. Hepimiz bir \u015feylerin v\u00e2risiyiz, iyi veya k\u00f6t\u00fc. Bir \u015feyleri isteyerek veya istemeyerek devam ettiriyoruz. Ortada bir miras var biz bunun emanet\u00e7ileriyiz. E\u011fer karakterlere detayl\u0131 bakarsak sadece O\u011fuz\u2019un de\u011fil bir\u00e7o\u011funun son v\u00e2ris oldu\u011funu g\u00f6rebiliriz. Mergen kendi boyunun, babas\u0131n\u0131n miras\u00e7\u0131s\u0131, v\u00e2risi; Aykut onun kuzeni, o da Erlik hanl\u0131\u011f\u0131n\u0131n v\u00e2risi. Drok klanl\u0131\u011f\u0131ndaki Theodor\u2019un o\u011flu \u0130yegor yine bir v\u00e2ris. General Du-Seng ayr\u0131 bir v\u00e2ris. \u0130simleri bilerek telaffuz ediyorum, \u00f6zellikle yabanc\u0131 isimler biraz tuhaf alg\u0131lanabiliyor. \u201cDuseng\u201d de\u011fil mesela \u201cDuuu Seng\u201d (uzatmal\u0131 biraz da \u0130ngiliz aksanl\u0131) sonra Shodai (\u015eoday) yaz\u0131ld\u0131\u011f\u0131 gibi okuyanlar\u0131 da duydum da o y\u00fczden belirtmek istedim. Ve kitap direkt O\u011fuz Ka\u011fan\u2019\u0131n hayat\u0131 de\u011fil. Onun hayat\u0131n\u0131n tamam\u0131n\u0131 ele alm\u0131\u015f olsam da bu kendimce yazd\u0131\u011f\u0131m bir O\u011fuz Ka\u011fan. Yani ba\u015fka bir evrende gibi ge\u00e7iyor gibi d\u00fc\u015f\u00fcnebiliriz. \u0130lk kitapta \u00e7ok benzerlikler var \u00e7\u00fcnk\u00fc orijin hik\u00e2yesi. Fakat b\u00fct\u00fcn destanlarda 22-25 ya\u015flar\u0131ndan sonras\u0131 anlat\u0131l\u0131rken ben \u00f6ncesini de anlat\u0131yorum. \u00d6ncesinde neler ya\u015fad\u0131 acaba diyerek yola \u00e7\u0131kt\u0131m. Devam\u0131n\u0131 de\u011fi\u015ftirdim tabii. \u0130kinci kitapta bir\u00e7ok okur bunu daha rahat alg\u0131lad\u0131. \u0130lk kitapta bir destan\u0131 ald\u0131m g\u00fcn\u00fcm\u00fcze adapte ettim san\u0131ld\u0131. Baz\u0131lar\u0131 bunda hayal k\u0131r\u0131kl\u0131\u011f\u0131na da u\u011fram\u0131\u015f ama <em>Son V\u00e2ris<\/em>\u2019e f\u0131rsat vermeleri gerekti\u011fini d\u00fc\u015f\u00fcn\u00fcyorum.<img decoding=\"async\" class=\" wp-image-11324 alignright\" src=\"http:\/\/kadrandergi.com.tr\/wp-content\/uploads\/2022\/02\/WhatsApp-Image-2022-01-23-at-21.26.15-2.jpeg\" alt=\"\" width=\"172\" height=\"215\"><\/p>\n<p><strong>Ben de ilk kitab\u0131 okudu\u011fumda daha \u00e7ok ortaokul \u00f6\u011frencileri i\u00e7in de kaynak olur, ne g\u00fczel, ilgi \u00e7ekici bir kitap diye d\u00fc\u015f\u00fcnm\u00fc\u015ft\u00fcm. \u0130kinci kitab\u0131 okudu\u011fumda \u201cAaa \u00f6yle de\u011filmi\u015f, bamba\u015fka bir \u015feymi\u015f\u201d diye bir tepki verdim. Fakat yine \u00e7ok ho\u015fuma gitti \u00e7\u00fcnk\u00fc edebiyat\u0131m\u0131z\u0131n b\u00f6yle bir kurguya \u00e7ok ihtiyac\u0131 oldu\u011funu d\u00fc\u015f\u00fcn\u00fcyordum.<\/strong><\/p>\n<p>Asl\u0131nda yine okula yard\u0131mc\u0131 olabilecek de \u00e7ok k\u0131sm\u0131 var, tarihten faydalan\u0131yor. \u0130kinci kitapta d\u00e2hil \u00e7\u00fcnk\u00fc T\u00fcrk mitolojisini kaynak ald\u0131m. K\u0131rklar, dervi\u015fler, konu\u015fan yarat\u0131klar, bozkurtlar vs bunlar hep T\u00fcrk mitolojisinden. Ki, daha bilmedi\u011fimiz bizim anlatamad\u0131\u011f\u0131m\u0131z \u015feyler de var.<\/p>\n<p><strong>\u0130lk kitab\u0131n arka kapa\u011f\u0131nda O\u011fuz\u2019un dilinden \u015f\u00f6yle bir c\u00fcmle ge\u00e7iyor \u201cKa\u011fanl\u0131k bekleyebilir ama ger\u00e7ekler beni onca y\u0131l beklemi\u015f.\u201d diye. \u00c7ok fazla olmalar\u0131na ra\u011fmen kaynaklar\u0131m\u0131z da bu t\u00fcr eserler i\u00e7in uzun y\u0131llard\u0131r kullan\u0131lmay\u0131 beklemi\u015f gibi&#8230;<\/strong><\/p>\n<p>Kesinlikle kat\u0131l\u0131yorum. \u015e\u00f6yle bir durum da var. Mitoloji kelimesi bile bize \u00e7ok ba\u015fka bir millete aitmi\u015f gibi geliyor. H\u00e2lbuki T\u00fcrk mitolojisi bizde en az di\u011ferleri kadar k\u00f6kl\u00fc bir alan ve \u00e7ok \u015fa\u015f\u0131rt\u0131c\u0131 \u015feyler var. Mesela Erlik Han dedi\u011fimiz karakter k\u00f6t\u00fc ruhlar\u0131n efendisi diye ge\u00e7er. Ba\u015fka varyantlar\u0131 da var. Biz zannediyoruz ki her \u015fey \u0130slam\u2019dan ibaretti k\u00fclt\u00fcr\u00fcm\u00fczde. \u00d6ncesinde uzun bir G\u00f6k Tanr\u0131 inanc\u0131m\u0131z var. Buradan olu\u015fmu\u015f s\u00f6zl\u00fc yaz\u0131l\u0131 \u00e7ok b\u00fcy\u00fck bir edebiyat, inan\u0131\u015flar, t\u00f6reler, destanlar var. Mitoloji dedi\u011fimiz budur zaten. \u0130kinci kitapta ge\u00e7en O\u011fuz\u2019un rehberi buldu\u011funda okudu\u011fu baz\u0131 isim ve yarat\u0131klar (Tulpar, Razgat) hep T\u00fcrk mitolojisinde olan karakterler. Mesela biz kanatl\u0131 u\u00e7an bir at\u0131n Pegasus ismiyle Yunan mitolojisinde oldu\u011funu san\u0131yoruz. H\u00e2lbuki kanatlar\u0131 g\u00f6r\u00fcnmeyen baz\u0131 rivayetlerde siyah bir at olarak ka\u011fanlar\u0131n rehberi diye ge\u00e7en Tulpar var. \u00dc\u00e7\u00fcnc\u00fc kitapta onunla da tan\u0131\u015faca\u011f\u0131z.<\/p>\n<p><strong>Ara\u015ft\u0131rd\u0131\u011f\u0131n\u0131z onca kayna\u011f\u0131n i\u00e7inde sizi \u00f6zellikle etkileyen veya \u015fu k\u0131s\u0131mlara mutlaka odaklanmal\u0131y\u0131m dedi\u011finiz yerler var m\u0131?<\/strong><\/p>\n<p>T\u00fcreyi\u015f, Bozkurt ve Ergenekon destanlar\u0131 listenin en ba\u015f\u0131nda geliyor. Hun destanlar\u0131 var, daha \u00e7ok Dede Ata ya da Korkut Ata olarak bildi\u011fimiz zat\u0131n anlatt\u0131\u011f\u0131 k\u0131sa hik\u00e2yelerdir. Onlardan \u00e7ok\u00e7a faydaland\u0131m, i\u00e7lerinden ilgin\u00e7 karakterler geliyor. Mesela Tomris Ka\u011fan var, kad\u0131n bir hakan. Hatta Kazakistan \u00fczerinden filmi de \u00e7ekildi. Tomris Hatun diye de ge\u00e7er. Kendi ara\u015ft\u0131rmalar\u0131mla veya okudu\u011fum bir\u00e7ok akademik yaz\u0131larla \u00e7al\u0131\u015fmalar da yapt\u0131m. Mesela Zeki Velidi Togan T\u00fcrk \u0131rk\u0131 \u00fczerine ordinary\u00fcst\u00fcr. O\u011fuz\u2019un babas\u0131n\u0131n ismi olan Ak Togan ona bir sayg\u0131 duru\u015fudur asl\u0131nda. Kitaptaki her ismin karakterle uyu\u015fan bir anlam\u0131 da var. Baz\u0131 isimler ilham olarak geldi, sonradan anlam\u0131na bir bakt\u0131m \u015fa\u015f\u0131rd\u0131m. Mesela Mergen, ismiyle birlikte mitolojide olan bir karakter. Ben bunu sadece bir yerde g\u00f6rm\u00fc\u015ft\u00fcm, sonras\u0131nda ismi ald\u0131m. Karakteri ara\u015ft\u0131r\u0131nca ismin; \u00fcst\u00fcn kavrama kabiliyeti olan, \u00fcst\u00fcn g\u00f6r\u00fc\u015f yetene\u011fi olan, usta ok\u00e7u manalar\u0131na geldi\u011fini g\u00f6rd\u00fcm. Ben onu anlam\u0131 bu oldu\u011fu i\u00e7in ok\u00e7u yapmam\u0131\u015ft\u0131m. Zaten kafamda bir ok\u00e7u karakterin liderli\u011fi ve bilgeli\u011fi temsil etmesi gerekiyordu. Kendisi de \u00e7ok ilgin\u00e7, gen\u00e7 k\u0131zlar\u0131n sevgilisi oldu \u00e7\u0131kt\u0131. Hi\u00e7 bu kadar ilgi g\u00f6rmesini beklemiyordum. Ba\u015fta iki ana karakter olsa da asl\u0131nda \u00fc\u00e7 ana karakterimiz var. Bumin\u2019in hakk\u0131n\u0131 da yedirmek istemiyorum \u015fimdi. O\u011fuz liderli\u011fi, acelecili\u011fi, belki adaleti temsil ediyor. Bumin ne\u015feyi, \u00fcmidi, yolda\u015fl\u0131\u011f\u0131 temsil ediyor. Mergen bilgeli\u011fi, so\u011fukkanl\u0131l\u0131\u011f\u0131, kararl\u0131l\u0131\u011f\u0131 temsil ediyor. Bunu daha \u00f6nce hi\u00e7bir yerde s\u00f6ylememi\u015ftim san\u0131r\u0131m.<\/p>\n<p><strong>Mergen daha gizemli bir karakter oldu\u011fu i\u00e7in belki de daha \u00e7ok dikkat \u00e7ekti. Bumin daha sempatik, O\u011fuz daha kendi derdi ba\u015f\u0131ndan a\u015fk\u0131n birisi. Geriye merak edip ilgilenmek i\u00e7in Mergen kal\u0131yor.<\/strong><\/p>\n<p>Mergen\u2019in hep babas\u0131ndan ald\u0131\u011f\u0131 bir miras, bir g\u00f6rev var asl\u0131nda kendince. O\u011fuz\u2019un teklifini kabul edip onlarla hemen yola \u00e7\u0131kmas\u0131 da bundan. G\u00f6revin ne oldu\u011funu da \u00fc\u00e7\u00fcnc\u00fc kitapta \u00f6\u011frenece\u011fiz. Biraz \u201cBad boy\u201d gibi tak\u0131ld\u0131\u011f\u0131 i\u00e7in belki \u00e7ok sevildi. Kad\u0131n okurlar\u0131mdan \u00e7ok fazla \u201cMergen\u2019e bir \u015fey olmas\u0131n\u201d i\u00e7erikli mesajlar ald\u0131m. Anket sonu\u00e7lar\u0131 da beni \u00e7ok \u015fa\u015f\u0131rtt\u0131. Onun hem O\u011fuz\u2019la hem Bumin\u2019le ayr\u0131 ileti\u015fimi var. Bir de Albatu ile olan ayr\u0131 bir ili\u015fkisi var. Onda bir\u00e7ok vas\u0131f var ama duygu yoksunlu\u011fu var ayn\u0131 zamanda hayat\u0131nda. Annesi babas\u0131 yok, amcas\u0131n\u0131n g\u00f6lgesinde kalsa da kendini b\u00fcy\u00fctmeyi ba\u015farm\u0131\u015f. Gen\u00e7 ya\u015f\u0131na ra\u011fmen \u201cUlu Mergen\u201d lakab\u0131n\u0131 alm\u0131\u015f. Ama hayat\u0131nda sevgiye dair hi\u00e7bir \u015fey olmam\u0131\u015f. Aykut\u2019la belki o ba\u011f olmu\u015f gibi ama o da Aykut\u2019un onu sevmesinden \u00f6t\u00fcr\u00fc. Albatu ile aralar\u0131nda bir anda co\u015fup durulan a\u015fk hik\u00e2yesi de belki bu y\u00fczden.<\/p>\n<p><strong>\u00c7ok fazla sevgi eksikli\u011finin, yol g\u00f6sterici eksikli\u011finin hissedildi\u011fi bir d\u00f6nemden ge\u00e7ti\u011fimiz i\u00e7in Ak\u00e7a Kuyruk\u2019un varl\u0131\u011f\u0131n\u0131n \u00e7ok \u00f6nemli oldu\u011funu d\u00fc\u015f\u00fcn\u00fcyorum. O nereye gitti, tekrar gelecek mi, iyi mi?<\/strong><\/p>\n<p>Ak\u00e7a Kuyruk bir denemeyle ortaya \u00e7\u0131kt\u0131. Normalde benim hi\u00e7bir \u015fekilde seride d\u00fc\u015f\u00fcnmedi\u011fim bir karakterdi. Yazmaya ba\u015flad\u0131m, be\u011fenmeyip silebilirdim. Sonra bakt\u0131m, bir derinle\u015fti. Background olarak en \u00e7ok u\u011fra\u015ft\u0131\u011f\u0131m hik\u00e2ye olabilir. Ve \u00e7ok be\u011fenildi. Bu kadar iyi olaca\u011f\u0131n\u0131 da, bu kadar sevilece\u011fini de hi\u00e7 beklemiyordum. Baya dokunakl\u0131 oldu. Gurbetteki ilk y\u0131llar\u0131md\u0131 ayn\u0131 zamanda. Belki o y\u00fczden aileden ayr\u0131 kalma, yaln\u0131zl\u0131k duygusu o kadar kar\u015f\u0131l\u0131k buldu. \u0130kinci kitapta tekrar g\u00f6r\u00fcnd\u00fc, tekrar gitti \u00e7\u00fcnk\u00fc ba\u015fka i\u015fleri var. \u0130lerde yine g\u00f6r\u00fcnecek. Bozkurt \u00fczerinden gelecek olan bir karakter gibi d\u00fc\u015f\u00fcn\u00fcrken daha ona var deyip, kurnaz olmas\u0131ndan ziyade, yol g\u00f6sterici bir tilki gelsin istedim. Tilkiye kurnazl\u0131\u011f\u0131 yak\u0131\u015ft\u0131ramad\u0131m. \u00d6zellikle son d\u00f6nemde, sosyal medyada sizde g\u00f6r\u00fcyorsunuzdur, g\u00fclen sevimli foto\u011fraflar\u0131na denk geliyorum. Tilkiler bize sunulan\u0131n aksine \u00e7ok \u00e7akal, kurnaz de\u011filler. Hainlik duygular\u0131 daha az. Asl\u0131nda kurtlar\u0131n hainlik duygular\u0131 daha \u00e7oktur. T\u00fcrklerin s\u00fcr\u00fcleri, k\u00f6yleri i\u00e7in en b\u00fcy\u00fck d\u00fc\u015fmand\u0131r. Hatta bu \u00e7ok tart\u0131\u015f\u0131lan bir akademik \u00e7al\u0131\u015fmad\u0131r. Normalde Kut inanc\u0131na g\u00f6re kutsal g\u00f6r\u00fcnenin pars oldu\u011fu ama Ziya G\u00f6kalp\u2019in de etkisiyle \u201cPars\u2019\u0131 bizim memlekette nerede bulacaks\u0131n, kurt yapal\u0131m onu\u201d diyerek de\u011fi\u015ftirdi\u011fi \u015feklinde iddialar var. Do\u011fru mu bilmiyorum, ama iddia olarak sunuyorum. Hatta ben bu iddialar\u0131n ge\u00e7ti\u011fi kaynaklar\u0131 tam bulamad\u0131\u011f\u0131m i\u00e7in \u201cneyse bilindi\u011fi gibi yapay\u0131m\u201d diyerek parslar\u0131 sald\u0131ran bir ekip olarak g\u00f6stermi\u015ftim. Hat\u0131rlarsan\u0131z Aykut\u2019u ellerinden kurtar\u0131yordu O\u011fuz, parslard\u0131 o sald\u0131ran yarat\u0131klar.<\/p>\n<p><strong>Kendinize tahta bir k\u0131l\u0131\u00e7 yapt\u0131rd\u0131\u011f\u0131n\u0131zdan bahsetmi\u015ftiniz. Onun hik\u00e2yesini de \u00f6\u011frenebilir miyiz?<\/strong><\/p>\n<p>Daha \u00f6ncesinde ba\u015fl\u0131yor onun hik\u00e2yesi. <em>Son V\u00e2ris<\/em>\u2019in k\u0131l\u0131c\u0131 uzun bir k\u0131l\u0131\u00e7 de\u011fil asl\u0131nda k\u00fc\u00e7\u00fck kama \u015feklindedir. Bunlar daha k\u0131sa mesafede h\u0131zl\u0131 hareket edebilmek i\u00e7indir. \u0130ki elle birden de kullan\u0131labilirler. Dedemin me\u015fhur bir kamas\u0131 var, ben ciddi ciddi al\u0131p kullan\u0131yordum hatta bir iki defa kendimde kesikler a\u00e7t\u0131\u011f\u0131m da oldu. Sonra dedim bu b\u00f6yle olmayacak ben bunun tahtas\u0131n\u0131 yapt\u0131ray\u0131m kendime. Sahneleri canland\u0131rmak i\u00e7in de tabii. \u00c7\u00fcnk\u00fc her \u015fey kafamda tamam ama ben de ilk defa bir roman yaz\u0131yorum. Dedim, sava\u015f-d\u00f6v\u00fc\u015f sahneleri, birebir kap\u0131\u015fmalar falan nas\u0131l olacak? \u00d6nce hayal etmeliydim, bunun i\u00e7inde elime bir sopa almak yerine tahta k\u0131l\u0131\u00e7 almal\u0131y\u0131m ki i\u015fim kolayla\u015fs\u0131n. Dedemin o k\u0131l\u0131c\u0131 bana vasiyet olarak b\u0131rakt\u0131\u011f\u0131 \u015feylerden biriydi ve o da tamamen g\u00fcm\u00fc\u015f rengindeydi. G\u00fcm\u00fc\u015f pen\u00e7enin geni\u015f hik\u00e2yesi budur. Pen\u00e7e zaten kurda bir g\u00f6ndermedir. \u201cK\u00fcmis Kogot\u201dda normalde eski T\u00fcrk\u00e7ede ge\u00e7en bir tabir.<\/p>\n<p><strong>Kitab\u0131n bir\u00e7ok sahnesi film izler gibi, ak\u0131lda canlanarak ilerliyor. En \u00e7ok kafamda o evrene dald\u0131\u011f\u0131m k\u0131s\u0131msa; zaman ge\u00e7i\u015finin ya\u015fand\u0131\u011f\u0131, efsunlar\u0131n birbirine girdi\u011fi, sar\u0131 sar\u0131 dumanlar\u0131n y\u00fckseldi\u011fi b\u00f6l\u00fcm oldu. \u015eamanlar, b\u00fcy\u00fcler, ge\u00e7i\u015fler derken buralar i\u00e7in nas\u0131l bir \u00e7al\u0131\u015fman\u0131z oldu?<\/strong><\/p>\n<p>Bu \u00f6zellikten dolay\u0131 san\u0131r\u0131m birinci kitab\u0131n daha ak\u0131c\u0131 oldu\u011funu iddia edenler oldu ki do\u011frudur. \u0130lk deneme oldu\u011fu i\u00e7in hemen O\u011fuz\u2019un ba\u015f\u0131na bir \u015feyler geliyor, daha tek plan bir anlat\u0131m var. Sonras\u0131nda bir s\u00fcr\u00fc karakter \u00fczerinde farkl\u0131 hik\u00e2yeler olu\u015fuyor. Bahsetti\u011finiz b\u00f6l\u00fcm ise \u00f6nceden tasarlad\u0131\u011f\u0131m ama bizzat korona ba\u015flad\u0131\u011f\u0131 anda tamamlad\u0131\u011f\u0131m, yer yer \u00e7ok mu uzatt\u0131m acaba diye d\u00fc\u015f\u00fcnd\u00fc\u011f\u00fcm bir k\u0131s\u0131m oldu. Orada zaman yolculu\u011fundan ziyade, yine bir zamanda geriye gitme ve zaman\u0131 de\u011fi\u015ftirme \u00fczerine ortaya koydu\u011fum bir \u00e7al\u0131\u015fma var. Genelde kafamda bir \u015feyler planl\u0131yorum ama yazarken \u00e7ok ba\u015fka yerlere gidiyor. Bir\u00e7ok hik\u00e2ye bu \u015fekilde olu\u015ftu. Zigon\u2019u en ba\u015ftan beri planlam\u0131\u015ft\u0131m, ona bir arka plan hik\u00e2yesi yazd\u0131m. Zii ve Gon isminde Omash Yu\u2019nun o\u011fullar\u0131 var, madenci bir aileler. Sadece Mergen\u2019in anlatt\u0131\u011f\u0131 bu hik\u00e2yeyi detaylar\u0131yla da g\u00f6relim istedim. Hatta burada eskiden de bir karakter olsun, \u015faman karde\u015fimiz de gelsin g\u00f6z\u00fcks\u00fcn bize gen\u00e7 haliyle dedim. Zigon ge\u00e7idinde tabii Karadeniz\u2019deki Zigana ge\u00e7idinden de bir esinlenme var. Zigon sehpadan gelmiyor yani. Ge\u00e7mi\u015f ve gelecekle ba\u011flant\u0131s\u0131 olsun istedim ve ilerleyen kitaplarda Zigon\u2019un etkilerini g\u00f6rmeye devam edebiliriz. Kendim yazd\u0131m diye demiyorum ama basit bir eser de\u011fil <em>Son V\u00e2ris<\/em>. Bazen ben de durup \u201cYaa bunu ben mi yazd\u0131m, neler oluyor?\u201d diye tepkiler veriyorum. Planlad\u0131\u011f\u0131m\u0131n \u00e7ok d\u0131\u015f\u0131nda \u015feyler geli\u015fiyor. Daha da artacak gibi.<\/p>\n<p><strong>Zaman yolculu\u011funda prenses Lisha ile tan\u0131\u015ft\u0131k. \u00d6ncesinde gelip giden kad\u0131n karakterler de oldu. Biz eski T\u00fcrklerde kad\u0131n sava\u015f\u00e7\u0131lar\u0131n, bilgelerin, y\u00f6neticilerin \u00f6nemli olduklar\u0131n\u0131 okuyoruz, duyuyoruz. Peki, bundan sonraki kitaplarda da ana karakter olarak g\u00f6rece\u011fimiz kad\u0131nlar olacak m\u0131?<\/strong><\/p>\n<p>Lisha karakteri fazlas\u0131yla \u00f6n planda diyebilece\u011fimiz bir yerdeydi, ana karakter olmasa da. Kad\u0131nlar kesinlikle etkiliydi destanlarda. Ama bize sunulan yap\u0131da \u00f6yle de\u011fildi. Tomris Hatun dedi\u011fimiz kad\u0131n karakter d\u0131\u015f\u0131nda, bazen Amazonun kad\u0131nlar\u0131na benzer \u0130skit kad\u0131nlar\u0131ndan bahsedilir, \u00e7ok azd\u0131r yine de. Ya ikinci plana itilmi\u015fler ya destana eklenmemi\u015fler. Tolkien tarz\u0131ndan da kaynaklan\u0131yor <em>Son V\u00e2ris<\/em>\u2019teki durum, bir ara\u015ft\u0131rmaya g\u00f6re Tolkien\u2019in karakterlerinde kad\u0131n karakter say\u0131s\u0131 y\u00fczde on be\u015f veya yirmiden fazla de\u011fildir. Fakat bunun i\u00e7inde kad\u0131n karakterlerin hik\u00e2yeye etkisi y\u00fczde seksendir. Lisha karakteri \u00e7ok \u00f6nemli bir \u015fey yapt\u0131 ve daha bitmedi hik\u00e2yesi. Onu g\u00f6remesek de etkisini g\u00f6rebiliriz serinin devam\u0131nda. Ay halk\u0131 basit bir halk de\u011fil. Biz sonlar\u0131na \u015fahit olduk ama \u00e7ok mistik ve g\u00f6rkemli bir devirleri oldu onlar\u0131n. Albatu karakteri evet biraz daha yan karakter gibiydi ama sava\u015f\u00e7\u0131 kad\u0131nlar\u0131 temsil ediyordu. \u0130lerde g\u00f6z\u00fckebilir. Okurken yakalam\u0131\u015fs\u0131n\u0131zd\u0131r, bir karakter bir kere g\u00f6z\u00fck\u00fcp gidince temelli gitmi\u015f olmuyor sonradan tekrar gelebiliyor. K\u00f6t\u00fc bir karakter bile olsa hik\u00e2yesi hemen bitmiyor. \u00dc\u00e7\u00fcnc\u00fc kitapta daha \u00e7ok \u015fa\u015f\u0131raca\u011f\u0131m\u0131z \u015feyler de olacak.<\/p>\n<p><strong>\u015eaman Kuntay ve Ak\u00e7a Kuyruk\u2019ta bu ger\u00e7e\u011fi baya \u00f6\u011frendik. Fakat <em>Harry Potter<\/em> veya <em>Y\u00fcz\u00fcklerin Efendisi<\/em> serilerinden daha \u00e7ok <em>Narnia<\/em> etkisini daha \u00e7ok g\u00f6rd\u00fcm kitapta. Ak\u00e7a Kuyruk\u2019ta biraz Aslan havas\u0131 var sanki? Aslan da bir var bir yok&#8230; Onun yazar\u0131 da bizzat T\u00fcrk destanlar\u0131ndan \u00e7ok\u00e7a faydaland\u0131\u011f\u0131n\u0131 belirtmi\u015f.<\/strong><\/p>\n<p><em>Narnia<\/em>\u2019y\u0131 da \u00e7ok severim ben bu arada. Sadece onun sinemaya daha iyi uyarlanabilece\u011fini d\u00fc\u015f\u00fcnenlerdenim. \u00dc\u00e7 film uyarlanabilmi\u015f belki ama ondan fazla kitab\u0131 olan bir seri. \u00c7\u00fcnk\u00fc i\u00e7inde Aslan ve d\u00f6rt \u00e7ocu\u011fun oldu\u011fu \u00fc\u00e7 kitap var. Di\u011ferleri <em>Narnia<\/em>\u2019n\u0131n g\u00fcnl\u00fcklerini anlat\u0131yor, Aslan ve \u00e7ocuklar olmadan&#8230; Aslan karakterinin bilgeli\u011fi belki Ak\u00e7a Kuyruk veya \u0130htiyar Bilge\u2019de g\u00f6r\u00fcl\u00fcyor denebilir.<\/p>\n<p><strong>Bozkurt\u2019un \u00e7ok ge\u00e7ici sanki bir daha hi\u00e7 gelmeyecekmi\u015f gibi bir havas\u0131 vard\u0131. \u0130kinci kitab\u0131n isminden \u00f6t\u00fcr\u00fc daha \u00e7ok g\u00f6r\u00fcr\u00fcz diye d\u00fc\u015f\u00fcnd\u00fcrm\u00fc\u015ft\u00fc.<\/strong><\/p>\n<p>\u0130kinci kitab\u0131n ismi <em>Bozkurt\u2019un \u0130zinde<\/em> olsa da onu az g\u00f6rd\u00fck fakat \u00fc\u00e7\u00fcnc\u00fc kitapta tekrar gelecek. Hep b\u00f6yle \u00fc\u00e7\u00fcnc\u00fc kitaba da bir \u015feyler at\u0131yoruz, in\u015fallah tatmin edici bir \u015feyler \u00e7\u0131kar. Bozkurt\u2019un da background hik\u00e2yesini g\u00f6rece\u011fiz. Belki bir ba\u011f kurulur veya onu anlamam\u0131z i\u00e7in bir \u015feyler \u00e7\u0131kar. Hayli ilgin\u00e7 bir karakter \u00e7\u00fcnk\u00fc o da. Derinlemesine olmas\u0131n\u0131 istedi\u011fim i\u00e7in biraz fazla u\u011fra\u015f\u0131yorum karakterler \u00fczerinde, de\u011fi\u015fikler o y\u00fczden.<\/p>\n<p><strong>\u0130kinci kitapta sadece dost taraftaki karakterlerin de\u011fil; d\u00fc\u015fman taraftaki karakterlerin de hik\u00e2yeleri vard\u0131. \u015eamanlar\u0131n as\u0131l hik\u00e2yeleri anlat\u0131ld\u0131\u011f\u0131 kadar de\u011fil san\u0131r\u0131m? Onlar\u0131 o hale getiren ya\u015fanm\u0131\u015fl\u0131klar \u00e7\u0131kacak gibi ilerde&#8230; <\/strong><\/p>\n<p><strong>(Uyar\u0131: Bu cevap a\u015f\u0131r\u0131 spoiler i\u00e7ermektedir.)<\/strong><\/p>\n<p>\u00c7\u0131kacak, \u00e7\u0131k\u0131yor da zaten. Belki d\u00f6rd\u00fcnc\u00fc kitaba da sarkabilir baz\u0131lar\u0131. Ba\u015f \u015eaman \u0130gnasil olmak \u00fczere onun hik\u00e2yesi \u015fa\u015f\u0131rt\u0131c\u0131 bir \u015fey olabilir. Gezgin \u015eaman\u0131 da bu kadar \u00e7ok i\u015fleyece\u011fimi hi\u00e7 d\u00fc\u015f\u00fcnmemi\u015ftim. Kuntay\u2019\u0131 \u00f6ld\u00fcrmek gibi bir plan\u0131m ba\u015fta yoktu. O gidince bana bir \u015faman hik\u00e2yesi gerekti ve Oktavin\u2019i se\u00e7tim. \u0130lk kitapta da Gezgin diye ge\u00e7erken ikinci kitapta ilk kez ismi ge\u00e7ti. O da hatta kendi ismini duyunca \u015fa\u015f\u0131rd\u0131 \u201cBenim ismim bu muymu\u015f?\u201d diye. Bu \u015fekilde daha \u00f6n plana \u00e7\u0131kt\u0131. Zaten \u00fc\u00e7\u00fcnc\u00fc kitap direkt onunla ba\u015fl\u0131yor.<\/p>\n<p><strong>Neredeyse b\u00fct\u00fcn karakterler hakk\u0131nda konu\u015ftuk gibi son olarak Hazarlardan gelme K\u0131rklar\u2019dan, K\u00fcr\u015fad ve Behman Beg\u2019lerden de bahsetsek?<\/strong><\/p>\n<p>Burada destanlardan, mitolojiden b\u00fcy\u00fck bir esinlenme var. Komutanlar\u0131 K\u00fcr\u015fad olan ve say\u0131lar\u0131 hep k\u0131rka tamamlanan bir ekibi temsil ediyorlar. Ger\u00e7ek hayatta da \u00c7in saray\u0131n\u0131 basan K\u0131rklar diye bir ekip var ama bunlar onlar de\u011fil. Ayn\u0131 \u015fekilde ger\u00e7ekte Bumin Ka\u011fan da var ama bizim Bumin o Bumin de de\u011fil. Bu belki insanlar\u0131n \u00e7ocuklar\u0131na isminin koyulmas\u0131na vesile olacak karakterlerdir. \u00c7ok fazla varyantlar var.<\/p>\n<p><strong>Kitab\u0131n sinematografik \u015fekilde ilerlemesi i\u00e7in \u00f6zel bir \u015fey yapt\u0131n\u0131z m\u0131?<\/strong><\/p>\n<p>Ben seri dizi yapmak istiyorum. Bu y\u00fczden o formatta yazmaya \u00e7al\u0131\u015f\u0131yorum. Her \u015feyi \u00f6nce hayal ediyorum. K\u0131l\u0131\u00e7 yapt\u0131rmam da bu y\u00fczden. D\u00fcnyadan bunald\u0131\u011f\u0131m zamanlarda ka\u00e7t\u0131\u011f\u0131m bir evren oldu zaten oras\u0131.<\/p>\n<p><strong>Sizce kitap do\u011fru zamanda m\u0131 \u00e7\u0131kt\u0131?<\/strong><\/p>\n<p>Zaman\u0131nda \u00e7\u0131kt\u0131\u011f\u0131n\u0131 d\u00fc\u015f\u00fcn\u00fcyorum. Ama daha \u00f6nceden \u00e7\u0131ksayd\u0131 belki okuma oranlar\u0131n\u0131n daha fazla oldu\u011fu bir zamana denk gelebilirdi. \u0130nsanlar\u0131n \u00f6nyarg\u0131s\u0131z veya \u00f6zet okumad\u0131\u011f\u0131 zamanlara&#8230; Ara\u015ft\u0131rmaya da daha \u00e7ok vakit ayr\u0131labilen bir zamanlard\u0131. \u015eimdi bir\u00e7ok farkl\u0131 sebepten \u00f6t\u00fcr\u00fc kitap okumak l\u00fckse bile d\u00f6n\u00fc\u015ft\u00fc.&nbsp; \u015eunu s\u00f6yleyen de g\u00f6rd\u00fcm \u201cTeknoloji geldi k\u00fct\u00fcphaneleri kapatal\u0131m.\u201d Mecburen teknolojiyi kullan\u0131yoruz ama oradan da okunuyor diye okuma oranlar\u0131 yine artm\u0131yor. Bu biraz bahane olmu\u015f. Bu y\u00fczden \u00f6zet okuma, film izleme, eser yorumlama videolar\u0131, g\u00f6rsel payla\u015f\u0131mlar daha da artt\u0131 ve bunlar varken kimse kitap okumaya vakit ay\u0131rm\u0131yor. \u0130nsanlar kal\u0131n kitap g\u00f6r\u00fcnce korkup ka\u00e7\u0131yorlar ve kal\u0131n kitaplar sadele\u015ftiriliyorlar. <em>Harry Potter<\/em> ve <em>Y\u00fcz\u00fcklerin Efendisi<\/em> bu d\u00f6nemde \u00e7\u0131ksa kitaplar o zamandaki kadar \u00e7ok okunmazd\u0131.<\/p>\n<p><strong><em>Son V\u00e2ris<\/em><\/strong><strong>\u2019in okur kitlesi hakk\u0131nda ne d\u00fc\u015f\u00fcn\u00fcyorsunuz?<\/strong><\/p>\n<p>Herhangi bir ya\u015f aral\u0131\u011f\u0131 koymadan yazd\u0131m fakat gen\u00e7 kitleye daha \u00e7ok hitap etmeye \u00e7al\u0131\u015ft\u0131m. Bir yandan da yedi ya\u015f\u0131ndan yetmi\u015f be\u015f ya\u015f\u0131na kadar bir aral\u0131k da var. \u00d6ncelikle kad\u0131n okurlar\u0131ma daha \u00e7ok te\u015fekk\u00fcr etmek istiyorum. Ciddi anlamda de\u011fer verip okuyan inceleyenler onlar. Erkek okurlar\u0131mdan da ciddi okurlar\u0131m oldu ama say\u0131lar\u0131 daha az. Kald\u0131 ki ben akl\u0131n\u0131za gelebilecek her t\u00fcrl\u00fc kesimden insan\u0131n kitab\u0131 okuyup be\u011fendi\u011fini g\u00f6rd\u00fcm. \u00dcz\u00fcld\u00fc\u011f\u00fcm \u015fey \u015fu, kitab\u0131n kapa\u011f\u0131na bak\u0131p \u201c\u00c7ocuk kitab\u0131\u201d alg\u0131s\u0131 ile okumaktan ka\u00e7an ki\u015filerin olmas\u0131. Hi\u00e7bir \u015fans vermiyorlar esere. \u00c7izim olarak \u00e7ok g\u00fczel bir \u00e7al\u0131\u015fma oldu. Kapa\u011fa ba\u015fl\u0131\u011fa bak\u0131p belli bir ideolojiye ait oldu\u011funu sananlar da \u00e7\u0131k\u0131yor. Ya bir a\u00e7 oku \u00f6nce sonra karar ver. Ben yerden yere vurulmaktan da \u00e7ekinmiyorum ama yarg\u0131s\u0131z infaz da yap\u0131lmas\u0131n, okunsun \u00f6yle yorum yap\u0131ls\u0131n. Umar\u0131m daha iyi okurlara da ula\u015f\u0131r\u0131m. Yurt d\u0131\u015f\u0131nda oldu\u011fum i\u00e7in de geni\u015f kitlelere ula\u015fmakta g\u00fc\u00e7l\u00fck \u00e7ekiyorum. Fakat son zamanlarda sosyal medya \u00fczerinden canl\u0131 yay\u0131nlarla s\u00f6yle\u015filer oldu, baya izleyen de olmu\u015f. \u015ea\u015f\u0131rd\u0131m duyunca ama \u00e7o\u011fu okumam\u0131\u015f tabi. Okuyal\u0131m ve o \u015fekilde daha bir\u00e7ok \u015fey konu\u015fal\u0131m istiyorum. Her t\u00fcrl\u00fc davete de a\u00e7\u0131\u011f\u0131m.<\/p>\n<p><strong>S\u00f6yle\u015filerinizin birinde hocan\u0131z\u0131n \u201cHedefin y\u0131ld\u0131zlar olsun, ula\u015famasan da y\u00fckselirsin.\u201d s\u00f6z\u00fcn\u00fc yol haritas\u0131 yapt\u0131\u011f\u0131n\u0131zdan bahsetmi\u015ftiniz. Benzeri bir s\u00f6z\u00fc benim lise hocam\u0131z da \u00e7ok s\u00f6ylerdi, o y\u00fczden ilgimi \u00e7ekti. Peki, sizin y\u0131ld\u0131zlar\u0131n\u0131zda neler var?<\/strong><\/p>\n<p>Tez \u00e7al\u0131\u015fmamdaki dan\u0131\u015fman hocam\u0131n a\u011fz\u0131na pelesenk olmu\u015f, bize hep s\u00f6yledi\u011fi bir s\u00f6zd\u00fc. Benim de hayat felsefem ayn\u0131 zamanda. \u015eah\u0131s veya topluluklardan ziyade kavramlar \u00fczerinden ilerlemeye \u00e7al\u0131\u015f\u0131yorum. Hak, adalet, e\u015fitlik, \u00f6zg\u00fcrl\u00fck, yard\u0131mseverlik, yard\u0131mla\u015fma, inan\u00e7 vb&#8230; G\u00f6r\u00fc\u015ft\u00fc\u011f\u00fcm\u00fcz senaristler de var. Dizi veya film i\u00e7in zaman\u0131 geldi\u011finde Netflix\u2019in de kap\u0131s\u0131n\u0131 \u00e7almay\u0131 d\u00fc\u015f\u00fcn\u00fcyoruz. \u0130ngilizceye \u00e7eviriyi zaten d\u00fc\u015f\u00fcn\u00fcyoruz. \u00c7izgi roman\u0131 da \u00e7\u0131kabilir bunu da \u00e7ok istiyorum. Bunlar olmayacak \u015feyler de\u011fil. Zamanla hepsi olacak in\u015fallah. Olmaya da \u00e7ok m\u00fcsait bir yap\u0131s\u0131 var. Her \u015feye kar\u015f\u0131 umutlu olmak laz\u0131m&#8230;<\/p>\n<p><strong>\u00c7ok g\u00fczel bir s\u00f6yle\u015fi oldu ger\u00e7ekten, \u00e7ok te\u015fekk\u00fcr ederim. Son olarak \u201cAsya\u2019n\u0131n evlatlar\u0131na\u201d hatta torunlar\u0131n\u0131n torunlar\u0131na s\u00f6ylemek istedikleriniz var m\u0131?<\/strong><\/p>\n<p>\u015eunu s\u00f6yleyeyim, her \u015feye kar\u015f\u0131 \u00fcmitvar olmak laz\u0131m, en k\u00f6t\u00fc zamanda bile. Karanl\u0131\u011f\u0131n en koyu oldu\u011fu vakit \u015fafa\u011f\u0131n yakla\u015ft\u0131\u011f\u0131 vakittir. <em>Son V\u00e2ris<\/em>\u2019te ben kendimce e\u011flenmek, s\u0131k\u0131c\u0131 ortamdan uzakla\u015fmak ve bir \u015feyler sunmak ad\u0131na bu eseri ortaya koydum. E\u011fer bir \u015fans verip okurlar ve bu aileye d\u00e2hil olmak isterlerse kap\u0131m\u0131z hep a\u00e7\u0131k. Ve emin olsunlar bu aileye girdikten sonra mutlu olacaklar diye d\u00fc\u015f\u00fcn\u00fcyorum.<\/p>\n","protected":false},"excerpt":{"rendered":"<p>Ho\u015f geldiniz \u00f6ncelikle&#8230; Asl\u0131nda bir\u00e7ok r\u00f6portaj\u0131n\u0131zda&#8230;<\/p>\n","protected":false},"author":37,"featured_media":11322,"comment_status":"open","ping_status":"open","sticky":false,"template":"","format":"standard","meta":{"footnotes":""},"categories":[59],"tags":[],"_links":{"self":[{"href":"https:\/\/www.kadrandergi.com.tr\/index.php?rest_route=\/wp\/v2\/posts\/11321"}],"collection":[{"href":"https:\/\/www.kadrandergi.com.tr\/index.php?rest_route=\/wp\/v2\/posts"}],"about":[{"href":"https:\/\/www.kadrandergi.com.tr\/index.php?rest_route=\/wp\/v2\/types\/post"}],"author":[{"embeddable":true,"href":"https:\/\/www.kadrandergi.com.tr\/index.php?rest_route=\/wp\/v2\/users\/37"}],"replies":[{"embeddable":true,"href":"https:\/\/www.kadrandergi.com.tr\/index.php?rest_route=%2Fwp%2Fv2%2Fcomments&post=11321"}],"version-history":[{"count":0,"href":"https:\/\/www.kadrandergi.com.tr\/index.php?rest_route=\/wp\/v2\/posts\/11321\/revisions"}],"wp:featuredmedia":[{"embeddable":true,"href":"https:\/\/www.kadrandergi.com.tr\/index.php?rest_route=\/"}],"wp:attachment":[{"href":"https:\/\/www.kadrandergi.com.tr\/index.php?rest_route=%2Fwp%2Fv2%2Fmedia&parent=11321"}],"wp:term":[{"taxonomy":"category","embeddable":true,"href":"https:\/\/www.kadrandergi.com.tr\/index.php?rest_route=%2Fwp%2Fv2%2Fcategories&post=11321"},{"taxonomy":"post_tag","embeddable":true,"href":"https:\/\/www.kadrandergi.com.tr\/index.php?rest_route=%2Fwp%2Fv2%2Ftags&post=11321"}],"curies":[{"name":"wp","href":"https:\/\/api.w.org\/{rel}","templated":true}]}}