{"id":11240,"date":"2021-12-01T01:32:59","date_gmt":"2021-11-30T22:32:59","guid":{"rendered":"http:\/\/kadrandergi.com.tr\/?p=11240"},"modified":"2021-12-01T01:32:59","modified_gmt":"2021-11-30T22:32:59","slug":"gulan-zamani-misafiri-sezai-karakoc","status":"publish","type":"post","link":"https:\/\/www.kadrandergi.com.tr\/?p=11240","title":{"rendered":"GULAN ZAMANI M\u0130SAF\u0130R\u0130: SEZA\u0130 KARAKO\u00c7"},"content":{"rendered":"<p><em>&#8220;&#8230;Z\u00fclk\u00fcf Da\u011f\u0131&#8217;n\u0131n ete\u011findeki o k\u00fc\u00e7\u00fck kasabada d\u00fcnyaya geldim&#8230; 1933 y\u0131l\u0131 bahar\u0131nda Diyarbak\u0131r&#8217;\u0131n Ergani il\u00e7esinde do\u011fdum. Annemin deyi\u015fiyle Gulan ay\u0131nda bir g\u00fcnde&#8230;&#8221;<\/em><em><br \/>\n<\/em><br \/>\nG\u00fcllerin reng\u00e2enk a\u00e7t\u0131\u011f\u0131, rayihas\u0131n\u0131 buram buram yayd\u0131\u011f\u0131, demet demet y\u00e2re sunuldu\u011fu velhas\u0131l insano\u011flunun g\u00fcle \u00e2\u015f\u0131k b\u00fclb\u00fcl kesildi\u011fi ay Gulan. Zaman duracaksa orada dursun, kelam akacaksa oradan aks\u0131n, meram bilinecekse o zaman bilinsin; g\u00f6z erimindeki her \u015fey g\u00fcle d\u00f6n\u00fc\u015fs\u00fcn Gulan&#8217;da, May\u0131s&#8217;ta&#8230; May\u0131s demi\u015fiz, Gulan demi\u015fiz fark eder mi? An o ki hen\u00fcz bilinmez, kimse bilmez; ne anas\u0131 ne babas\u0131 ne c\u00fcmle \u00e2lem&#8230; \u201cMuhammed\u201d adl\u0131, \u201cSezai\u201d mahlasl\u0131 bir o\u011ful gelecek, m\u00fcnzevi ve ma\u011frur d\u00fcnyas\u0131n\u0131 fildi\u015fi bir kuleye d\u00f6n\u00fc\u015ft\u00fcrecek, kelam\u0131 serpi\u015ftirecek tohum tohum y\u00fcreklere; \u015fafakta kaybedilen g\u00fcvercinler h\u00fcrmetine ikindileri imge deryas\u0131 \u015fiirleriyle beleyecek.<\/p>\n<p><em>&nbsp;&nbsp;&nbsp;&nbsp;\u201c\u0130nsan\u0131 \u00e7\u00f6zersin, \u00e7\u00f6zersin, \u00e7\u00f6zersin; \u00e7ocuk \u00e7\u0131kar.\u201d<\/em><em><br \/>\n<\/em><br \/>\nK\u00f6p\u00fck, Kar, Kav; Mona Rosa, Liliyar&#8230; Ba\u015fka bir zamandan dam\u0131tt\u0131klar\u0131n\u0131 modern zaman\u0131n dehlizlerinden ak\u0131tan m\u00fclkiyeli\u2026 Dememi\u015f miydi ortaokulda bir hocas\u0131 \u201cKoca filozof\u201d diye? Bilemedi muhatab\u0131 zamana bir \u201cK\u0131yamet A\u015f\u0131s\u0131\u201d Kendi zaman\u0131n\u0131 g\u00fcl asr\u0131na d\u00f6n\u00fc\u015ft\u00fcrme gayretinin \u015fahidiydi \u201c\u015eahdamar, G\u00fcl Mu\u015ftusu, K\u00f6rfez, Ayinler, Sesler&#8221; ve sayamad\u0131\u011f\u0131m daha neler&#8230; Erg\u00fclen&#8217;in demesiyle, \u201cHen\u00fcz zaman\u0131 gelmemi\u015f, anla\u015f\u0131lamam\u0131\u015f \u015fair.\u201d O, madende bir damar. Anlatmak kolay de\u011fil, esas duru\u015fta bekleyen ifadeler yetersiz. K\u0131y\u0131day\u0131z, onun denizine a\u00e7\u0131lmak cesareti \u201cBu \u015fiirimi anlay\u0131nca beni anlayacaks\u0131n!\u201d dedi\u011fi anda tarumar. Hudutsuz bir co\u011frafyan\u0131n, derin bir tarihin sab\u0131rl\u0131 dervi\u015fi; duru\u015fu varl\u0131\u011f\u0131n\u0131n sa\u011flamas\u0131. \u015eimdi s\u00f6ylenecek t\u00fcm s\u00f6zler, onu \u00f6z\u00fcmsemi\u015f olman\u0131n y\u00fczdesiyle alakal\u0131. Bu y\u00fczdeyi hesaba katmadan onu anlatmaksa ah ne zor&#8230;<\/p>\n<p><em>&nbsp; &nbsp; &nbsp; &nbsp; &nbsp; &nbsp; &nbsp; &nbsp; &nbsp; &nbsp; &nbsp; &nbsp; &nbsp; &nbsp; &nbsp; &nbsp; &nbsp; &nbsp; &nbsp; &nbsp; &nbsp; &nbsp; &nbsp; &nbsp; &nbsp; &nbsp; &nbsp; &nbsp; &nbsp; &nbsp; &nbsp; &nbsp; \u201cGelin g\u00fclle ba\u015flayal\u0131m \u015fiire atalara uyarak<\/em><em><br \/>\n<\/em><em>&nbsp;&nbsp;&nbsp;&nbsp;&nbsp;&nbsp;&nbsp;&nbsp;&nbsp;&nbsp;&nbsp;&nbsp;&nbsp;&nbsp;&nbsp;&nbsp;&nbsp;&nbsp;&nbsp;&nbsp;&nbsp;&nbsp;&nbsp;&nbsp;&nbsp;&nbsp;&nbsp;&nbsp;&nbsp;&nbsp;&nbsp;&nbsp;&nbsp;&nbsp;&nbsp;&nbsp;&nbsp;&nbsp;&nbsp;&nbsp;&nbsp;&nbsp;&nbsp;&nbsp;&nbsp;&nbsp;&nbsp;&nbsp;&nbsp;&nbsp;&nbsp;&nbsp;&nbsp;&nbsp;&nbsp;&nbsp;&nbsp;&nbsp;&nbsp;&nbsp;&nbsp;&nbsp;&nbsp;&nbsp;&nbsp;Bahar\u0131 kollayarak girelim kelimeler \u00fclkesine<\/em><em><br \/>\n<\/em><em>&nbsp;&nbsp;&nbsp;&nbsp;&nbsp;&nbsp;&nbsp;&nbsp;&nbsp;&nbsp;&nbsp;&nbsp;&nbsp;&nbsp;&nbsp;&nbsp;&nbsp;&nbsp;&nbsp;&nbsp;&nbsp;&nbsp;&nbsp;&nbsp;&nbsp;&nbsp;&nbsp;&nbsp;&nbsp;&nbsp;&nbsp;&nbsp;&nbsp;&nbsp;&nbsp;&nbsp;&nbsp;&nbsp;&nbsp;&nbsp;&nbsp;&nbsp;&nbsp;&nbsp;&nbsp;&nbsp;&nbsp;&nbsp;&nbsp;&nbsp;&nbsp;&nbsp;&nbsp;&nbsp;&nbsp;&nbsp;&nbsp;&nbsp;&nbsp;&nbsp;&nbsp;&nbsp;&nbsp;&nbsp;&nbsp;D\u00fcnya bir istiridye<\/em><em><br \/>\n<\/em><em>&nbsp;&nbsp;&nbsp;&nbsp;&nbsp;&nbsp;&nbsp;&nbsp;&nbsp;&nbsp;&nbsp;&nbsp;&nbsp;&nbsp;&nbsp;&nbsp;&nbsp;&nbsp;&nbsp;&nbsp;&nbsp;&nbsp;&nbsp;&nbsp;&nbsp;&nbsp;&nbsp;&nbsp;&nbsp;&nbsp;&nbsp;&nbsp;&nbsp;&nbsp;&nbsp;&nbsp;&nbsp;&nbsp;&nbsp;&nbsp;&nbsp;&nbsp;&nbsp;&nbsp;&nbsp;&nbsp;&nbsp;&nbsp;&nbsp;&nbsp;&nbsp;&nbsp;&nbsp;&nbsp;&nbsp;&nbsp;&nbsp;&nbsp;&nbsp;&nbsp;&nbsp;&nbsp;&nbsp;&nbsp;&nbsp;D\u00f6n\u00fc\u015felim bir inci tanesine&#8230;\u201d<\/em><em><br \/>\n<\/em><\/p>\n<p>\u201c\u2026Marx da bilir, Nietzche de bilir, Rimbaud da bilir; Salvador Dali de sever, Naz\u0131m da okur. S\u0131k\u0131\u015fm\u0131\u015f, s\u0131k\u0131\u015ft\u0131r\u0131lm\u0131\u015f deha. Al\u00e7ak g\u00f6n\u00fclle kat\u0131 y\u00fcksek u\u00e7uyor.\u201d demesi bo\u015funa de\u011fil S\u00fcreya&#8217;n\u0131n. \u201cS\u00fcreya\u201d soyad\u0131n\u0131n bir harfine mal oldu o iddia. \u015eiir de\u011fil ba\u015fka \u015feyler yazsa dahi \u015fiirsel \u00fcslubu hep onunla. Alt\u0131n\u0131 \u00e7izdiklerime bir bakay\u0131m dersin, kitab\u0131 tekrar okurken bulursun kendini.<\/p>\n<p><em>&nbsp; &nbsp; &nbsp; &nbsp; &nbsp; &nbsp; &nbsp; &nbsp; &nbsp; &nbsp; &nbsp; &nbsp; &nbsp; &nbsp; &nbsp; &nbsp; &nbsp; &nbsp; &nbsp; &nbsp; &nbsp; &nbsp; &nbsp; &nbsp; &nbsp; &nbsp; &nbsp; &nbsp; &nbsp; &nbsp; &nbsp;\u201cDemek gideceksin arkana d\u00f6n\u00fcp bakmayacaks\u0131n&nbsp;&nbsp;&nbsp;&nbsp;&nbsp;&nbsp;&nbsp;&nbsp;&nbsp;&nbsp;&nbsp;&nbsp;&nbsp;&nbsp;&nbsp;&nbsp;&nbsp;&nbsp;&nbsp;&nbsp;&nbsp;&nbsp;&nbsp;&nbsp;&nbsp;&nbsp;&nbsp; &nbsp;&nbsp;&nbsp;<\/em><br \/>\n<em>&nbsp;&nbsp;&nbsp;&nbsp;&nbsp;&nbsp;&nbsp;&nbsp;&nbsp;&nbsp;&nbsp;&nbsp;&nbsp; &nbsp;&nbsp;&nbsp;&nbsp;&nbsp;&nbsp;&nbsp;&nbsp;&nbsp;&nbsp;&nbsp;&nbsp;&nbsp;&nbsp;&nbsp;&nbsp;&nbsp;&nbsp;&nbsp;&nbsp;&nbsp;&nbsp;&nbsp;&nbsp;&nbsp;&nbsp;&nbsp;&nbsp;&nbsp;&nbsp;&nbsp;&nbsp;&nbsp;&nbsp;&nbsp;&nbsp;&nbsp;&nbsp;&nbsp;&nbsp;&nbsp;&nbsp;&nbsp;&nbsp;&nbsp;&nbsp;&nbsp;Hangi ku\u015f hangi \u015fafakta \u00f6lecek g\u00f6rmeyeceksin<\/em><br \/>\n<em>&nbsp;&nbsp;&nbsp;&nbsp;&nbsp;&nbsp;&nbsp;&nbsp;&nbsp;&nbsp;&nbsp;&nbsp;&nbsp;&nbsp;&nbsp;&nbsp;&nbsp;&nbsp;&nbsp;&nbsp;&nbsp;&nbsp;&nbsp;&nbsp;&nbsp;&nbsp;&nbsp;&nbsp;&nbsp;&nbsp;&nbsp;&nbsp;&nbsp;&nbsp;&nbsp;&nbsp;&nbsp;&nbsp;&nbsp;&nbsp;&nbsp;&nbsp;&nbsp;&nbsp;&nbsp;&nbsp;&nbsp;&nbsp;&nbsp;&nbsp;&nbsp;&nbsp;&nbsp;&nbsp;&nbsp;&nbsp;&nbsp;&nbsp;&nbsp;&nbsp; \u00d6yleyse al bu k\u00fcrk\u00fc bu veda k\u00fcrk\u00fcn\u00fc Lili<\/em><br \/>\n<em>&nbsp;&nbsp;&nbsp;&nbsp;&nbsp;&nbsp;&nbsp;&nbsp;&nbsp;&nbsp;&nbsp;&nbsp;&nbsp;&nbsp;&nbsp;&nbsp;&nbsp;&nbsp;&nbsp;&nbsp;&nbsp;&nbsp;&nbsp;&nbsp;&nbsp;&nbsp;&nbsp;&nbsp;&nbsp;&nbsp;&nbsp;&nbsp;&nbsp;&nbsp;&nbsp;&nbsp;&nbsp;&nbsp;&nbsp;&nbsp;&nbsp;&nbsp;&nbsp;&nbsp;&nbsp;&nbsp;&nbsp;&nbsp;&nbsp;&nbsp;&nbsp;&nbsp;&nbsp;&nbsp;&nbsp; &nbsp;&nbsp;&nbsp;&nbsp;T\u00fcyleri \u015fiirler olan bu mahcup k\u00fcrk\u00fc&#8230;\u201d<\/em><\/p>\n<p><em>&nbsp;<\/em><\/p>\n<p>Bir film izledi, doland\u0131 dillere Liliyar&#8230; Hep beraber seslendik Lili&#8217;ye, alt alta s\u0131ralad\u0131\u011f\u0131 envai \u00e7e\u015fit g\u00fczellikle. Son bir soluk al\u0131p onca g\u00fczel s\u00f6z\u00fcn \u00fcst\u00fcne, \u201cBen konu\u015fmas\u0131n\u0131 bilmem Lili!\u201d dedik, inanmayarak. A\u015fk mevzu bahis oldu\u011funda, Mona Rosa \u015fiirinin mahremiyetine e\u011filmedik mi hepimiz sayg\u0131yla? \u201cGeyve, G\u00fclce\u201d oldu\u011funda bir kez daha efk\u00e2rl\u0131 bir a\u015fkla: \u201cMona Rosa, siyah g\u00fcller, ak g\u00fcller\/ G\u00fclce&#8217;nin g\u00fclleri ve beyaz yatak.\u201d m\u0131sralar\u0131na yak\u0131lmam\u0131\u015f m\u0131yd\u0131 son sigara?<\/p>\n<p><em>&nbsp; &nbsp; &nbsp; &nbsp; &nbsp; &nbsp; &nbsp; &nbsp; &nbsp; &nbsp; &nbsp; &nbsp; &nbsp; &nbsp; &nbsp; &nbsp; &nbsp; &nbsp; &nbsp; &nbsp; &nbsp; &nbsp; &nbsp; &nbsp; &nbsp; &nbsp; &nbsp; &nbsp; &nbsp; &nbsp; &nbsp; &nbsp; &nbsp; &nbsp; &nbsp; &nbsp; &nbsp; &nbsp;\u201cSilahlara veda<\/em><em><br \/>\n<\/em><em>&nbsp;&nbsp;&nbsp;&nbsp;&nbsp;&nbsp;&nbsp;&nbsp;&nbsp;&nbsp;&nbsp;&nbsp;&nbsp;&nbsp;&nbsp;&nbsp;&nbsp;&nbsp;&nbsp;&nbsp;&nbsp;&nbsp;&nbsp;&nbsp;&nbsp;&nbsp;&nbsp;&nbsp;&nbsp;&nbsp;&nbsp;&nbsp;&nbsp;&nbsp;&nbsp;&nbsp;&nbsp;&nbsp;&nbsp;&nbsp;&nbsp;&nbsp;&nbsp;&nbsp;&nbsp;&nbsp;&nbsp;&nbsp;&nbsp;&nbsp;&nbsp;&nbsp;&nbsp;&nbsp;&nbsp;&nbsp;&nbsp;&nbsp;&nbsp;&nbsp;&nbsp;&nbsp;&nbsp;&nbsp;&nbsp;&nbsp;&nbsp;&nbsp;&nbsp;&nbsp;&nbsp;&nbsp;&nbsp;&nbsp;&nbsp;Geceye, r\u00fcyaya ve sana<\/em><em><br \/>\n<\/em><em>&nbsp;&nbsp;&nbsp;&nbsp;&nbsp;&nbsp;&nbsp;&nbsp;&nbsp;&nbsp;&nbsp;&nbsp;&nbsp;&nbsp;&nbsp;&nbsp;&nbsp;&nbsp;&nbsp;&nbsp;&nbsp;&nbsp;&nbsp;&nbsp;&nbsp;&nbsp;&nbsp;&nbsp;&nbsp;&nbsp;&nbsp;&nbsp;&nbsp;&nbsp;&nbsp;&nbsp;&nbsp;&nbsp;&nbsp;&nbsp;&nbsp;&nbsp;&nbsp;&nbsp;&nbsp;&nbsp;&nbsp;&nbsp;&nbsp;&nbsp;&nbsp;&nbsp;&nbsp;&nbsp;&nbsp;&nbsp;&nbsp;&nbsp;&nbsp;&nbsp;&nbsp;&nbsp;&nbsp;&nbsp;&nbsp;&nbsp;&nbsp;&nbsp;&nbsp;&nbsp;&nbsp;&nbsp;&nbsp;&nbsp;&nbsp;Yaln\u0131zl\u0131\u011f\u0131n geyik g\u00f6zl\u00fc k\u00f6\u015fesinden<\/em><em><br \/>\n<\/em><em>&nbsp;&nbsp;&nbsp;&nbsp;&nbsp;&nbsp;&nbsp;&nbsp;&nbsp;&nbsp;&nbsp;&nbsp;&nbsp;&nbsp;&nbsp;&nbsp;&nbsp;&nbsp;&nbsp;&nbsp;&nbsp;&nbsp;&nbsp;&nbsp;&nbsp;&nbsp;&nbsp;&nbsp;&nbsp;&nbsp;&nbsp;&nbsp;&nbsp;&nbsp;&nbsp;&nbsp;&nbsp;&nbsp;&nbsp;&nbsp;&nbsp;&nbsp;&nbsp;&nbsp;&nbsp;&nbsp;&nbsp;&nbsp;&nbsp;&nbsp;&nbsp;&nbsp;&nbsp;&nbsp;&nbsp;&nbsp;&nbsp;&nbsp;&nbsp;&nbsp;&nbsp;&nbsp;&nbsp;&nbsp;&nbsp;&nbsp;&nbsp;&nbsp;&nbsp;&nbsp;&nbsp;&nbsp;&nbsp;&nbsp; D\u00fczenlerin \u00e7\u0131kmaz\u0131na\u201d<\/em><\/p>\n<p>\u00d6l\u00fcm haberini ald\u0131\u011f\u0131m\u0131zda, en yak\u0131n\u0131n\u0131 yitirmi\u015f \u00f6ks\u00fcz \u00e7ocuk gibi hissetti\u011fimizde yine onun dizelerinde arad\u0131k teselliyi, \u201cAnne \u00f6l\u00fcnce \u00e7ocuk \/ Bah\u00e7enin en yaln\u0131z k\u00f6\u015fesinde&#8230;\u201d dedik ve yumru oldu sonraki m\u0131sralar bo\u011fazlarda. Bak\u0131\u015flar\u0131n\u0131 g\u00f6ky\u00fcz\u00fcne kald\u0131r\u0131p: \u201cKu\u015flar u\u00e7ar senin g\u00f6nl\u00fcn\u00fc taklit i\u00e7in\u201d diyen bir fikir i\u015f\u00e7isiyle, gri bir \u00e7a\u011f\u0131 payla\u015ft\u0131k. \u00dcnsal Oskay&#8217;\u0131n demesiyle, \u201cT\u00fcrk \u015fiirinin \u00fc\u00e7 paras\u0131z yat\u0131l\u0131s\u0131\u201d olan biriyle, biz bu ruhsuz \u00e7a\u011f\u0131 payla\u015ft\u0131k. G\u00f6r\u00fcn\u00fcr olman\u0131n, var olman\u0131n temel ko\u015fulu say\u0131ld\u0131\u011f\u0131 \u00e7a\u011fa inat o; tevazu ceketini giyinmi\u015f, haysiyet y\u00fckl\u00fc ad\u0131mlar\u0131yla \u201c\u00dclkesindeki ku\u015flardan haber sormak\u201d i\u00e7in y\u00fcr\u00fcy\u00fc\u015f\u00fcne devam edecek. Bitti sanaca\u011f\u0131z, o devam edecek. Alt\u0131 \u00e7izilen sat\u0131rlar tekrar tekrar okundu\u011fu s\u00fcrece devam edecek. Hilmi Yavuz&#8217;un da dedi\u011fi gibi, \u201cSezai Bey&#8217;in \u00f6l\u00fcm\u00fc, herhangi bir \u015fairin \u00f6l\u00fcm\u00fc de\u011fildir. Baz\u0131 \u015fairler b\u00fcy\u00fck mimarlard\u0131r, g\u00f6rkemli yap\u0131lar in\u015fa ederler. S\u00fcleymaniye&#8217;yi Selimiye&#8217;yi in\u015fa ederler; baz\u0131lar\u0131ysa deniz kumuyla ilk depremde y\u0131k\u0131lan binalar\u0131&#8230; Sezai Bey \u015fiirin S\u00fcleymaniye&#8217;sini in\u015fa etti.\u201d<\/p>\n<p><em>&nbsp;&nbsp;&nbsp;&nbsp;&nbsp;&nbsp;&nbsp;&nbsp;&nbsp;&nbsp;&nbsp;&nbsp;&nbsp;&nbsp;&nbsp;&nbsp;&nbsp;&nbsp;&nbsp;&nbsp;&nbsp;&nbsp;&nbsp;&nbsp;&nbsp;&nbsp;&nbsp;&nbsp;&nbsp;&nbsp;&nbsp;&nbsp;&nbsp;&nbsp;&nbsp;&nbsp;&nbsp;&nbsp;&nbsp;&nbsp;&nbsp;&nbsp;&nbsp;&nbsp;&nbsp;&nbsp;&nbsp;&nbsp;&nbsp;&nbsp;&nbsp;&nbsp;&nbsp;&nbsp;&nbsp;&nbsp;&nbsp;&nbsp;&nbsp;&nbsp;&nbsp;&nbsp;&nbsp;&nbsp;&nbsp;&nbsp;&nbsp; \u201c<\/em><em>Yol uzun, uzak.<\/em><em><br \/>\n<\/em><em>&nbsp; &nbsp; &nbsp; &nbsp; &nbsp; &nbsp; &nbsp; &nbsp; &nbsp; &nbsp; &nbsp; &nbsp; &nbsp; &nbsp; &nbsp; &nbsp; &nbsp; &nbsp; &nbsp; &nbsp; &nbsp; &nbsp; &nbsp; &nbsp; &nbsp; &nbsp; &nbsp; &nbsp; &nbsp; &nbsp; &nbsp; &nbsp; &nbsp; &nbsp; &nbsp;<\/em><em>Kalbimizden ba\u015fk<\/em><em>a <\/em><em>pusula da yok<\/em><em>,<\/em><em><br \/>\n<\/em><em>&nbsp; &nbsp; &nbsp; &nbsp; &nbsp; &nbsp; &nbsp; &nbsp; &nbsp; &nbsp; &nbsp; &nbsp; &nbsp; &nbsp; &nbsp; &nbsp; &nbsp; &nbsp; &nbsp; &nbsp; &nbsp; &nbsp; &nbsp; &nbsp; &nbsp; &nbsp; &nbsp; &nbsp; &nbsp; &nbsp; &nbsp; &nbsp; &nbsp; &nbsp; &nbsp;G\u00f6<\/em><em>vdemizin cebinde\u2026<\/em>\u201d<br \/>\n1959 da Sirkeci facias\u0131n\u0131 ya\u015fam\u0131\u015f, yaral\u0131 kurtulmu\u015ftu. Mesevet K\u0131raathanesi&#8217;nde otururken infilak eden o bomban\u0131n tesiri, daha b\u00fcy\u00fck olabilir mi \u201cG\u00fcnd\u00f6n\u00fcm\u00fc\u201d ile ruhlar\u0131m\u0131zda yaratt\u0131\u011f\u0131 etkiden? Y\u0131l 2000&#8230; Kaset\u00e7alar d\u00f6n\u00fcyor, rahmetli Sava\u015f Ay \u201cB\u00fct\u00fcn t\u00f6renlerin, \u015f\u00f6lenlerin, ayinlerin, yortular\u0131n d\u0131\u015f\u0131nda&#8230;\u201d diye devam ediyor. Ne g\u00fczel bu\u011fuluyor m\u0131sralar\u0131. Tekrar tekrar d\u00f6n\u00fcyor, zaman orda duruyor. Y\u0131l 2021, aylardan Kas\u0131m. Biz onun gidi\u015fiyle, a\u011flama bi\u00e7imimizi kaybettik. Kalbimiz d\u00fcnyaya daha da bulan\u0131p ayaza durur mu yoklu\u011funda? Ayak izlerini g\u00f6r\u00fcp takip etmezsek, s\u00fcrg\u00fcn\u00fcne dahil olmazsak, ard\u0131ndan bak\u0131p y\u00fcr\u00fcmezsek nas\u0131l tutsun bizi Gulan bahar\u0131nda? \u201cMuhammed\u201d adl\u0131, \u201cSezai\u201d mahlasl\u0131 Sezai Bey, bir Gulan ay\u0131nda te\u015frif etti d\u00fcnyaya. Hazan mevsiminde, bir kara vedayla ge\u00e7ip gitti bu as\u0131rdan.<\/p>\n<p>\u201c\u00c7<em>\u00f6lden ge\u00e7mek, Leyla&#8217;ya ermek i\u00e7indir.<\/em>\u201d dedi ve gitti&#8230;<\/p>\n","protected":false},"excerpt":{"rendered":"<p>&#8220;&#8230;Z\u00fclk\u00fcf Da\u011f\u0131&#8217;n\u0131n ete\u011findeki o k\u00fc\u00e7\u00fck kasabada&#8230;<\/p>\n","protected":false},"author":288,"featured_media":11241,"comment_status":"open","ping_status":"open","sticky":false,"template":"","format":"standard","meta":{"footnotes":""},"categories":[55,62],"tags":[],"_links":{"self":[{"href":"https:\/\/www.kadrandergi.com.tr\/index.php?rest_route=\/wp\/v2\/posts\/11240"}],"collection":[{"href":"https:\/\/www.kadrandergi.com.tr\/index.php?rest_route=\/wp\/v2\/posts"}],"about":[{"href":"https:\/\/www.kadrandergi.com.tr\/index.php?rest_route=\/wp\/v2\/types\/post"}],"author":[{"embeddable":true,"href":"https:\/\/www.kadrandergi.com.tr\/index.php?rest_route=\/wp\/v2\/users\/288"}],"replies":[{"embeddable":true,"href":"https:\/\/www.kadrandergi.com.tr\/index.php?rest_route=%2Fwp%2Fv2%2Fcomments&post=11240"}],"version-history":[{"count":0,"href":"https:\/\/www.kadrandergi.com.tr\/index.php?rest_route=\/wp\/v2\/posts\/11240\/revisions"}],"wp:featuredmedia":[{"embeddable":true,"href":"https:\/\/www.kadrandergi.com.tr\/index.php?rest_route=\/"}],"wp:attachment":[{"href":"https:\/\/www.kadrandergi.com.tr\/index.php?rest_route=%2Fwp%2Fv2%2Fmedia&parent=11240"}],"wp:term":[{"taxonomy":"category","embeddable":true,"href":"https:\/\/www.kadrandergi.com.tr\/index.php?rest_route=%2Fwp%2Fv2%2Fcategories&post=11240"},{"taxonomy":"post_tag","embeddable":true,"href":"https:\/\/www.kadrandergi.com.tr\/index.php?rest_route=%2Fwp%2Fv2%2Ftags&post=11240"}],"curies":[{"name":"wp","href":"https:\/\/api.w.org\/{rel}","templated":true}]}}