{"id":10902,"date":"2021-05-01T00:00:12","date_gmt":"2021-04-30T21:00:12","guid":{"rendered":"http:\/\/kadrandergi.com.tr\/?p=10902"},"modified":"2021-05-01T00:00:12","modified_gmt":"2021-04-30T21:00:12","slug":"denize-dair","status":"publish","type":"post","link":"https:\/\/www.kadrandergi.com.tr\/?p=10902","title":{"rendered":"Deniz&#8217;e Dair"},"content":{"rendered":"<p>\u0130\u00e7imizde ye\u015feren bir fidans\u0131n h\u00e2l\u00e2<\/p>\n<p>Her vakit ter\u00fct\u00e2ze kalacaks\u0131n<\/p>\n<p>Bilirim y\u00fcre\u011finde bir d\u00e2v\u00e2 ta\u015f\u0131man\u0131n<\/p>\n<p>Ne kadar a\u011f\u0131r oldu\u011funu<\/p>\n<p>B\u00fcy\u00fck bedeller \u00f6detti\u011fini<\/p>\n<p>Herkesin \u00fctopya dedi\u011fine<\/p>\n<p>Senin ger\u00e7ek bir g\u00f6zle bakt\u0131\u011f\u0131n\u0131<\/p>\n<p>\u00dclkeler b\u00fcy\u00fckl\u00fc\u011f\u00fcnde ve hasretinde<\/p>\n<p>&nbsp;<\/p>\n<p>Ufac\u0131k bir of sesinin bile bir da\u011f gibi<\/p>\n<p>\u0130ncecik dal\u0131na bindi\u011fini hissediyorum<\/p>\n<p>\u0130\u00e7i yanar y\u00fcre\u011fi b\u00fcy\u00fck olanlar\u0131n<\/p>\n<p>G\u00f6n\u00fcl dili olan konu\u015fur<\/p>\n<p>Kalp kula\u011f\u0131 olan duyar<\/p>\n<p>Konu\u015furken hep do\u011fruyu hayk\u0131r\u0131r<\/p>\n<p>Feryat figan bitsin diye \u00e7\u0131rp\u0131n\u0131r durur<\/p>\n<p>&nbsp;<\/p>\n<p>\u00c7ocuk g\u00fcl\u00fcc\u00fckleri gibi<\/p>\n<p>\u015een \u015fakrak aldatma olmayan<\/p>\n<p>Serin sesler duymak<\/p>\n<p>Elinde ekme\u011fi dilinde sevgi olan<\/p>\n<p>M\u00fctebessim y\u00fczler g\u00f6rmek temenn\u00eesidir<\/p>\n<p>&nbsp;<\/p>\n<p>\u00d6yle kuts\u00ee \u00f6yle b\u00fcy\u00fckt\u00fcr ki<\/p>\n<p>Ba\u015fkalar\u0131 i\u00e7in bir \u015fey istemek<\/p>\n<p>Y\u00fcre\u011finin yang\u0131n\u0131 s\u00f6nmez hi\u00e7<\/p>\n<p>\u00c7a\u011f\u0131n\u0131n delili\u011fini ya\u015fars\u0131n<\/p>\n<p>Damarlar\u0131nda deli deli akar<\/p>\n<p>Bir nehir \u015fiddetinde<\/p>\n<p>Deli kan\u0131 olan delikanl\u0131m\u0131n<\/p>\n<p>&nbsp;<\/p>\n<p>Sen de \u00f6yleydin yirmi be\u015findeydin<\/p>\n<p>Gen\u00e7li\u011finin en g\u00fczel \u00e7a\u011f\u0131ndayd\u0131n<\/p>\n<p>G\u00fczelliklerin bah\u00e2r\u0131 yaz\u0131ndayd\u0131n<\/p>\n<p>Nas\u0131l oldu da yaz bitmeden<\/p>\n<p>Zemheriyi kap\u0131nda buldun<\/p>\n<p>&nbsp;<\/p>\n<p>Oysa bah\u00e2r\u0131 hayk\u0131r\u0131yordun<\/p>\n<p>G\u00fcne\u015f do\u011fsun istiyordun<\/p>\n<p>Her pencereden \u00e7ocuk sesleri<\/p>\n<p>Elleri kenetlenmi\u015f yurdum insanlar\u0131n\u0131<\/p>\n<p>Hay\u00e2l ediyor r\u00fcy\u00e2s\u0131n\u0131 g\u00f6r\u00fcyordun<\/p>\n<p>&nbsp;<\/p>\n<p>Senin zam\u00e2n\u0131nda r\u00fcy\u00e2lar bile yasakt\u0131<\/p>\n<p>Bakar k\u00f6r olmak zordu senin i\u00e7in<\/p>\n<p>Ger\u00e7i sen y\u00fcre\u011finle g\u00f6r\u00fcyor<\/p>\n<p>G\u00f6zlerinle konu\u015fuyordun<\/p>\n<p>&nbsp;<\/p>\n<p>Ger\u00e7ekleri duyurmak i\u00e7in ill\u00e2 ki<\/p>\n<p>Kalem k\u00e2\u011f\u0131t gerekmezdi<\/p>\n<p>Bir susu\u015f bile en zorba z\u00e2limleri<\/p>\n<p>Korkutur uykusunu ka\u00e7\u0131r\u0131rd\u0131<\/p>\n<p>Bu \u00fclkede canlar \u00e7ok oldu\u011fu kadar<\/p>\n<p>C\u00e2niler de o kadar \u00e7oktu delikanl\u0131m<\/p>\n<p>&nbsp;<\/p>\n<p>Senin hay\u00e2linde mutlu yar\u0131nlar vard\u0131<\/p>\n<p>G\u00fczel insanlar\u0131n g\u00fczel mu\u015ftusu vard\u0131<\/p>\n<p>R\u00fczg\u00e2r\u0131n kokusu geliyor ki<\/p>\n<p>Yelkenler a\u00e7\u0131l\u0131yor delikanl\u0131m<\/p>\n<p>Her g\u00fczellik demini beklemekte<\/p>\n<p>Bir kula\u011f\u0131n da bizde olsun<\/p>\n<p>&nbsp;<\/p>\n<p>Ebed\u00ee istirahatg\u00e2h\u0131nda<\/p>\n<p>Rahat uyu g\u00fczel delikanl\u0131m<\/p>\n<p>Senin gibi y\u00fcre\u011fi volkan olanlar<\/p>\n<p>Buz da\u011flar\u0131n\u0131 eritecek<\/p>\n<p>Her ovaya her obaya<\/p>\n<p>\u00c2b\u0131hayat sunacak<\/p>\n<p>Herkes kana kana i\u00e7ecek<\/p>\n<p>Sen de alacaks\u0131n tad\u0131n\u0131 t\u00e2 \u00f6telerden<\/p>\n<p>&nbsp;<\/p>\n<p>F\u00e2ik KUMRU<\/p>\n<p>06 May\u0131s 2015<\/p>\n<p>Ankara<\/p>\n","protected":false},"excerpt":{"rendered":"<p>\u0130\u00e7imizde ye\u015feren bir fidans\u0131n h\u00e2l\u00e2 Her&#8230;<\/p>\n","protected":false},"author":297,"featured_media":10935,"comment_status":"open","ping_status":"open","sticky":false,"template":"","format":"standard","meta":{"footnotes":""},"categories":[64],"tags":[],"_links":{"self":[{"href":"https:\/\/www.kadrandergi.com.tr\/index.php?rest_route=\/wp\/v2\/posts\/10902"}],"collection":[{"href":"https:\/\/www.kadrandergi.com.tr\/index.php?rest_route=\/wp\/v2\/posts"}],"about":[{"href":"https:\/\/www.kadrandergi.com.tr\/index.php?rest_route=\/wp\/v2\/types\/post"}],"author":[{"embeddable":true,"href":"https:\/\/www.kadrandergi.com.tr\/index.php?rest_route=\/wp\/v2\/users\/297"}],"replies":[{"embeddable":true,"href":"https:\/\/www.kadrandergi.com.tr\/index.php?rest_route=%2Fwp%2Fv2%2Fcomments&post=10902"}],"version-history":[{"count":0,"href":"https:\/\/www.kadrandergi.com.tr\/index.php?rest_route=\/wp\/v2\/posts\/10902\/revisions"}],"wp:featuredmedia":[{"embeddable":true,"href":"https:\/\/www.kadrandergi.com.tr\/index.php?rest_route=\/"}],"wp:attachment":[{"href":"https:\/\/www.kadrandergi.com.tr\/index.php?rest_route=%2Fwp%2Fv2%2Fmedia&parent=10902"}],"wp:term":[{"taxonomy":"category","embeddable":true,"href":"https:\/\/www.kadrandergi.com.tr\/index.php?rest_route=%2Fwp%2Fv2%2Fcategories&post=10902"},{"taxonomy":"post_tag","embeddable":true,"href":"https:\/\/www.kadrandergi.com.tr\/index.php?rest_route=%2Fwp%2Fv2%2Ftags&post=10902"}],"curies":[{"name":"wp","href":"https:\/\/api.w.org\/{rel}","templated":true}]}}