{"id":10807,"date":"2021-03-01T00:00:59","date_gmt":"2021-02-28T22:00:59","guid":{"rendered":"http:\/\/kadrandergi.com.tr\/?p=10807"},"modified":"2021-03-01T00:00:59","modified_gmt":"2021-02-28T22:00:59","slug":"korkunc-suretler","status":"publish","type":"post","link":"https:\/\/www.kadrandergi.com.tr\/?p=10807","title":{"rendered":"Korkun\u00e7 Suretler"},"content":{"rendered":"<p>Korkun\u00e7 suretler,<br \/>\nYar\u0131m b\u0131rak\u0131lm\u0131\u015f bir yaz\u0131,<br \/>\nK\u0131r\u0131lm\u0131\u015f kalem,<br \/>\nG\u00f6zler ya\u015fl\u0131<br \/>\nT\u00fcm d\u00fcnyay\u0131 sarm\u0131\u015f<br \/>\nTitanlar\u0131n isyan\u0131.<br \/>\nDumanla dahi olsun haber yok, kimselerden<br \/>\nMevsimlerden bahar,<br \/>\nHava \u015fiddetli,<br \/>\nOrtam gergin,<br \/>\nKaosun yeti\u015ftirdi\u011fi \u00e7ocuklar\u0131z biz.<br \/>\nNefret s\u00f6ylemleri d\u00f6k\u00fcl\u00fcr dilimizden,<br \/>\n\u0130deolojiler besleriz yast\u0131k alt\u0131nda<br \/>\nMerhametin tohumlar\u0131<br \/>\nK\u0131s\u0131r kald\u0131 usta&#8230;<br \/>\nGece huzursuz,<br \/>\nFeryad\u0131 y\u00fckseliyor bir evden,<br \/>\nKarn\u0131 a\u00e7 kalan \u00e7ocu\u011fun.<br \/>\nKan birikiyor g\u00f6vdemde,<br \/>\nEllerimde fikir sava\u015flar\u0131ndan kalma<br \/>\nNas\u0131rlar mevcut.<br \/>\nKumbaras\u0131 soyulmu\u015f t\u00fcm \u00e7ocuklar\u0131n<br \/>\nToplum sava\u015flar\u0131 oluyor,<br \/>\nKendi gibi d\u00fc\u015f\u00fcnmeyen<br \/>\nT\u00fcm insanlar aras\u0131nda.<br \/>\nSiyasi yaln\u0131zl\u0131klar,<br \/>\nSonu gelmeyen kanunlar,<br \/>\nArtan vergiler,<br \/>\nBir ili\u015fkinin daha sonunu getiriyor usulca.<br \/>\nKonusu ge\u00e7miyor \u00f6len bedenlerin,<br \/>\nLaz\u0131m olmad\u0131klar\u0131 s\u00fcrece\u2026<br \/>\n\u00d6nemli bir mesele olmuyor,<br \/>\nA\u011flayan ki\u015filer y\u00fcz binlerce<br \/>\nParti bayraklar\u0131 ta\u015f\u0131yorum elimde<br \/>\nKimin kazand\u0131\u011f\u0131 fark etmiyor,<br \/>\nHep biz kaybediyoruz memleket\u00e7e<br \/>\nA\u011fz\u0131m\u0131 a\u00e7t\u0131\u011f\u0131m anda<br \/>\nAnnem titriyor \u00fcst\u00fcme<br \/>\nBabam\u0131n bak\u0131\u015flar\u0131 \u00fczerimde<br \/>\nKonu\u015fmak, su\u00e7lar\u0131n en b\u00fcy\u00fc\u011f\u00fc nedense<\/p>\n","protected":false},"excerpt":{"rendered":"<p>Korkun\u00e7 suretler, Yar\u0131m b\u0131rak\u0131lm\u0131\u015f bir yaz\u0131,&#8230;<\/p>\n","protected":false},"author":17,"featured_media":10787,"comment_status":"open","ping_status":"open","sticky":false,"template":"","format":"standard","meta":{"footnotes":""},"categories":[53,64],"tags":[],"_links":{"self":[{"href":"https:\/\/www.kadrandergi.com.tr\/index.php?rest_route=\/wp\/v2\/posts\/10807"}],"collection":[{"href":"https:\/\/www.kadrandergi.com.tr\/index.php?rest_route=\/wp\/v2\/posts"}],"about":[{"href":"https:\/\/www.kadrandergi.com.tr\/index.php?rest_route=\/wp\/v2\/types\/post"}],"author":[{"embeddable":true,"href":"https:\/\/www.kadrandergi.com.tr\/index.php?rest_route=\/wp\/v2\/users\/17"}],"replies":[{"embeddable":true,"href":"https:\/\/www.kadrandergi.com.tr\/index.php?rest_route=%2Fwp%2Fv2%2Fcomments&post=10807"}],"version-history":[{"count":0,"href":"https:\/\/www.kadrandergi.com.tr\/index.php?rest_route=\/wp\/v2\/posts\/10807\/revisions"}],"wp:featuredmedia":[{"embeddable":true,"href":"https:\/\/www.kadrandergi.com.tr\/index.php?rest_route=\/"}],"wp:attachment":[{"href":"https:\/\/www.kadrandergi.com.tr\/index.php?rest_route=%2Fwp%2Fv2%2Fmedia&parent=10807"}],"wp:term":[{"taxonomy":"category","embeddable":true,"href":"https:\/\/www.kadrandergi.com.tr\/index.php?rest_route=%2Fwp%2Fv2%2Fcategories&post=10807"},{"taxonomy":"post_tag","embeddable":true,"href":"https:\/\/www.kadrandergi.com.tr\/index.php?rest_route=%2Fwp%2Fv2%2Ftags&post=10807"}],"curies":[{"name":"wp","href":"https:\/\/api.w.org\/{rel}","templated":true}]}}