{"id":10141,"date":"2020-07-03T00:31:12","date_gmt":"2020-07-02T21:31:12","guid":{"rendered":"http:\/\/kadrandergi.com.tr\/?p=10141"},"modified":"2020-07-03T00:31:12","modified_gmt":"2020-07-02T21:31:12","slug":"ne-birakmissa-zaman","status":"publish","type":"post","link":"https:\/\/www.kadrandergi.com.tr\/?p=10141","title":{"rendered":"Ne B\u0131rakm\u0131\u015fsa Zaman"},"content":{"rendered":"<p>. . _ _ \/ . . _ _ \/ . . _ _ \/ . . _<\/p>\n<p>Topla, kald\u0131r \u00f6n\u00fcm\u00fczden ne b\u0131rakm\u0131\u015fsa zaman,<br \/>\nNe b\u0131rakm\u0131\u015fsa g\u00f6t\u00fcr, silkele benden uza\u011fa.<br \/>\nFizan\u2019\u0131n t\u00e2 Fizan\u2019\u0131ndan \u00f6telerden \u00f6teye<br \/>\nBir derin bo\u015flu\u011fa d\u00f6k, d\u00fc\u015fmesin akl\u0131m tuza\u011fa.<\/p>\n<p>K\u0131l\u0131f\u0131ndan s\u0131y\u0131r\u0131p akl\u0131m\u0131 f\u0131rlat, bumerang<br \/>\nGibi d\u00f6ns\u00fcn de as\u0131ls\u0131n kurumu\u015f bir a\u011faca.<br \/>\n\u00dc\u015f\u00fcyen kalbine giydir a\u011fac\u0131n ellerimi<br \/>\nEllerim, kalbini ass\u0131n g\u00fcn alan bir yamaca.<\/p>\n<p>Topla, kald\u0131r g\u00fcn\u00fcm\u00fczden ne unutmu\u015fsa zaman;<br \/>\n\u015eaka\u011f\u0131mdan s\u0131zan efk\u00e2r, duda\u011f\u0131mdan d\u00fc\u015fen ah\u2026<br \/>\nBitmeyen bir \u015fiirim var senelerdir uzayan<br \/>\nYeti\u015fir bunca c\u00fcr\u00fcm ah, yeti\u015fir bunca g\u00fcnah!<\/p>\n<p>Bir masaldan \u00e7\u0131kagelmi\u015f peridir hat\u0131ralar,<br \/>\n\u00dct\u00fcs\u00fcz elbisedir aynada yorgun y\u00fcz\u00fcm\u00fcz.<br \/>\nPeriler attaya gitmi\u015f nicedir b\u00eehaberiz,<br \/>\nY\u00fcre\u011fin ya\u011fmurudur sapsa\u011fanak g\u00fcld\u00fc\u011f\u00fcm\u00fcz.<\/p>\n<p>Topla, kald\u0131r d\u00fcn\u00fcm\u00fczden ne b\u0131rakm\u0131\u015fsa zaman;<br \/>\nSonbahar art\u0131\u011f\u0131 mevsim, u\u00e7urum g\u00f6zl\u00fc k\u0131\u015f\u0131\u2026<br \/>\nBahar\u0131n g\u00f6zya\u015f\u0131 s\u00fcsler \u00e7i\u00e7e\u011fin mendilini,<br \/>\nKi bahar bir \u00e7i\u00e7e\u011fin cennet-i \u00e2l\u00e2 bak\u0131\u015f\u0131.<\/p>\n<p>Ufac\u0131k \u015fulesi k\u00e2fi ate\u015fin yanmak i\u00e7in<br \/>\nTarumar halde y\u00fcrekler g\u00f6m\u00fcl\u00fcr can da\u011f\u0131na\u2026<br \/>\nTutu\u015fur g\u00f6zlerimin aklar\u0131 ba\u015flar kana kan,<br \/>\nBelenir g\u00f6zbebe\u011fim gamzelerin kunda\u011f\u0131na.<\/p>\n<p>Topla, kald\u0131r y\u00f6n\u00fcm\u00fczden ne b\u0131rakm\u0131\u015fsa zaman;<br \/>\nNe hay\u00e2lin izi kals\u0131n ne r\u00fcyan\u0131n \u0131\u015f\u0131\u011f\u0131\u2026<br \/>\nDo\u011fmas\u0131n zahmet edip s\u00f6yle \u00e7oban y\u0131ld\u0131z\u0131m\u0131z<br \/>\nBoynumuzdan dolan\u0131r er ge\u00e7 ecel sarma\u015f\u0131\u011f\u0131.<\/p>\n","protected":false},"excerpt":{"rendered":"<p>. . _ _ \/ &#8230;.<\/p>\n","protected":false},"author":124,"featured_media":10142,"comment_status":"open","ping_status":"open","sticky":false,"template":"","format":"standard","meta":{"footnotes":""},"categories":[53,64],"tags":[],"_links":{"self":[{"href":"https:\/\/www.kadrandergi.com.tr\/index.php?rest_route=\/wp\/v2\/posts\/10141"}],"collection":[{"href":"https:\/\/www.kadrandergi.com.tr\/index.php?rest_route=\/wp\/v2\/posts"}],"about":[{"href":"https:\/\/www.kadrandergi.com.tr\/index.php?rest_route=\/wp\/v2\/types\/post"}],"author":[{"embeddable":true,"href":"https:\/\/www.kadrandergi.com.tr\/index.php?rest_route=\/wp\/v2\/users\/124"}],"replies":[{"embeddable":true,"href":"https:\/\/www.kadrandergi.com.tr\/index.php?rest_route=%2Fwp%2Fv2%2Fcomments&post=10141"}],"version-history":[{"count":0,"href":"https:\/\/www.kadrandergi.com.tr\/index.php?rest_route=\/wp\/v2\/posts\/10141\/revisions"}],"wp:featuredmedia":[{"embeddable":true,"href":"https:\/\/www.kadrandergi.com.tr\/index.php?rest_route=\/"}],"wp:attachment":[{"href":"https:\/\/www.kadrandergi.com.tr\/index.php?rest_route=%2Fwp%2Fv2%2Fmedia&parent=10141"}],"wp:term":[{"taxonomy":"category","embeddable":true,"href":"https:\/\/www.kadrandergi.com.tr\/index.php?rest_route=%2Fwp%2Fv2%2Fcategories&post=10141"},{"taxonomy":"post_tag","embeddable":true,"href":"https:\/\/www.kadrandergi.com.tr\/index.php?rest_route=%2Fwp%2Fv2%2Ftags&post=10141"}],"curies":[{"name":"wp","href":"https:\/\/api.w.org\/{rel}","templated":true}]}}